{"id":293794,"date":"2020-12-10T05:00:00","date_gmt":"2020-12-10T05:00:00","guid":{"rendered":"https:\/\/integralads.com\/insider\/faces-behind-the-tech-2\/"},"modified":"2025-05-19T17:09:34","modified_gmt":"2025-05-19T17:09:34","slug":"faces-behind-the-tech-2","status":"publish","type":"post","link":"https:\/\/integralads.com\/de\/insider\/faces-behind-the-tech-2\/","title":{"rendered":"Faces behind the Tech"},"content":{"rendered":"<h3><img fetchpriority=\"high\" decoding=\"async\" class=\"alignnone size-medium wp-image-125951\" src=\"\/wp-content\/uploads\/2020\/12\/Generic-social-static-760x398.png\" alt=\"faces behind the tech\" width=\"760\" height=\"398\" \/><\/h3>\n<h3>IAS pr\u00e4sentiert die Experten, die unsere Technologie voran treiben<\/h3>\n<p>In diesem Jahr war Technologie f\u00fcr uns alle das Fenster zur Au\u00dfenwelt und Schnittstelle f\u00fcr viele Lebenslagen. Vom Homeoffice und scheinbar endlosen Zoom-Meetings, hat digitale Technologie dazu beigetragen, dass Menschen miteinander in Verbindung bleiben, w\u00e4hrend sie getrennt voneinander sind.<\/p>\n<p>Wir haben gesehen, dass sich mit dem Wandel der Welt auch die digitale Medienlandschaft und Werbebotschaften ver\u00e4ndert hat. Infolgedessen haben sich <a class=\"waffle-rich-text-link\" href=\"\/de\/insider\/ias-studie-coronavirus-und-consumer-2\/\">Wahrnehmungen der Online-Nutzer in Corona-Zeiten<\/a> ebenfalls in vorher nicht abzusch\u00e4tzenden Ma\u00dfe verschoben.<\/p>\n<h4>Was erwartet Sie bei Faces behind the Tech?<\/h4>\n<p>Wie alle Firmen, wird auch IAS durch motivierte Mitarbeiter voran getrieben &#8211; daher freuen wir uns umso mehr Ihnen unsere Experten vorzustellen. In kurzen Videos stellen wir Ihnen Kernthemen unserer Branche vor und wie IAS Mitarbeiter sie weiterentwickeln. Von komplexen Begriffen bis hin zu Akronymen aller Art erkl\u00e4ren sie einfach, wie die IAS-Technologie Marktteilnehmern hilft, das beste Umfeld f\u00fcr eine st\u00e4rker digitalisierte Zukunft zu schaffen.<\/p>\n<p><strong>Hier erfahren Sie alles \u00fcber spannende Trends:<\/strong><\/p>\n<p><strong>CTV &amp; OTT Explained:<\/strong> Je mehr Zeit die Verbraucher zu Hause verbringen, desto mehr Zeit verbringen sie mit Streaming auf so genanntem Connected TV. In diesem Video erkl\u00e4ren wir, wie Ad Verification dabei helfen kann, Ihren Erfolg auf neuen Videoger\u00e4ten zu messen<\/p>\n<p><iframe src=\"https:\/\/www.youtube.com\/embed\/1cVT6smxjJ8\" width=\"560\" height=\"315\" frameborder=\"0\" allowfullscreen=\"allowfullscreen\"><\/iframe><\/p>\n<p><strong>Trust in Programmatic: <\/strong>Heute wird der Gro\u00dfteil der digitalen Werbung \u00fcber programmatische Methoden gekauft und verkauft. Das Vertrauen in die Qualit\u00e4t und Leistung von Programmatik ist zu einer Grundvoraussetzung geworden.<\/p>\n<p><iframe src=\"https:\/\/www.youtube.com\/embed\/7-LoI9b3tTI\" width=\"560\" height=\"315\" frameborder=\"0\" allowfullscreen=\"allowfullscreen\"><\/iframe><\/p>\n<p><strong>Publisher Optimisation: <\/strong>Entdecken Sie, wie\u00a0 IAS Publishern seit 2015 geholfen hat, ihr Inventar\u00a0 zu monetarisieren und gleichzeitig die Sichtbarkeit und Brand Suitability f\u00fcr ihre Anzeigenkunden optimiert.<\/p>\n<p><iframe src=\"https:\/\/www.youtube.com\/embed\/Hi_jt74pGE4\" width=\"560\" height=\"315\" frameborder=\"0\" allowfullscreen=\"allowfullscreen\"><\/iframe><\/p>\n<p><strong>YouTube Measurements:<\/strong> Jede Minute werden \u00fcber 500 Stunden Video auf YouTube hochgeladen. Erfahren Sie, wie Sie Ihre Videoanzeigen im markenad\u00e4quaten Umfeld innerhalb der riesigen Menge an YouTube-Inhalten platzieren k\u00f6nnen.<\/p>\n<p><iframe src=\"https:\/\/www.youtube.com\/embed\/DHL05wvx9fI\" width=\"560\" height=\"315\" frameborder=\"0\" allowfullscreen=\"allowfullscreen\"><\/iframe><\/p>\n<p><strong>Context Control: <\/strong>Um Ihre Kunden erfolgreich zu erreichen, ist das Umfeld, in dem eine Anzeige geschaltet wird, entscheidend. Entdecken Sie, wie unsere Context Control-L\u00f6sung Marken und Publishern die Kontrolle dar\u00fcber gibt, wo Werbebotschaften erscheinen.<\/p>\n<p><iframe src=\"https:\/\/www.youtube.com\/embed\/cdfRB0yQczU\" width=\"560\" height=\"315\" frameborder=\"0\" allowfullscreen=\"allowfullscreen\"><\/iframe><\/p>\n<p>Wenn Sie weiterf\u00fchrende Informationen haben m\u00f6chten, besuchen Sie auch unsere Website zu den Themen <a href=\"https:\/\/integralads.com\/de\/loesungen\/ctv-video\/\">CTV &amp; Video<\/a>, Programmatic und <a href=\"https:\/\/integralads.com\/de\/loesungen\/brand-safety-suitability\/\">Context Control.<\/a><\/p>\n","protected":false},"excerpt":{"rendered":"<p>Die Videoreihe Faces behind the Tech erkl\u00e4rt die IAS-Technologie und Kernthemen der Ad Verification wie CTV, Programmatic und Plattform Integrationen<\/p>\n","protected":false},"author":1,"featured_media":293795,"comment_status":"closed","ping_status":"closed","sticky":false,"template":"","format":"standard","meta":{"_acf_changed":false,"footnotes":""},"categories":[100,86,92,91],"tags":[325,127,128],"class_list":["post-293794","post","type-post","status-publish","format-standard","has-post-thumbnail","hentry","category-brand-safety-suitability-de","category-ctv-video-de","category-programmatic-de","category-publisher-de","tag-context-control-de","tag-faces-behind-the-tech","tag-interviews"],"acf":[],"yoast_head":"<!-- This site is optimized with the Yoast SEO Premium plugin v27.4 (Yoast SEO v27.4) - https:\/\/yoast.com\/product\/yoast-seo-premium-wordpress\/ -->\n<title>Faces behind the Tech - Integral Ad Science<\/title>\n<meta name=\"robots\" content=\"index, follow, max-snippet:-1, max-image-preview:large, max-video-preview:-1\" \/>\n<link rel=\"canonical\" href=\"https:\/\/integralads.com\/de\/insider\/faces-behind-the-tech-2\/\" \/>\n<meta property=\"og:locale\" content=\"de_DE\" \/>\n<meta property=\"og:type\" content=\"article\" \/>\n<meta property=\"og:title\" content=\"Faces behind the Tech\" \/>\n<meta property=\"og:description\" content=\"Die Videoreihe Faces behind the Tech erkl\u00e4rt die IAS-Technologie und Kernthemen der Ad Verification wie CTV, Programmatic und Plattform Integrationen\" \/>\n<meta property=\"og:url\" content=\"https:\/\/integralads.com\/de\/insider\/faces-behind-the-tech-2\/\" \/>\n<meta property=\"og:site_name\" content=\"Integral Ad Science\" \/>\n<meta property=\"article:published_time\" content=\"2020-12-10T05:00:00+00:00\" \/>\n<meta property=\"article:modified_time\" content=\"2025-05-19T17:09:34+00:00\" \/>\n<meta property=\"og:image\" content=\"https:\/\/integralads.com\/wp-content\/uploads\/2023\/06\/FBTT_Insider_homepage_header.png\" \/>\n\t<meta property=\"og:image:width\" content=\"835\" \/>\n\t<meta property=\"og:image:height\" content=\"535\" \/>\n\t<meta property=\"og:image:type\" content=\"image\/png\" \/>\n<meta name=\"author\" content=\"IAS TEAM\" \/>\n<meta name=\"twitter:card\" content=\"summary_large_image\" \/>\n<meta name=\"twitter:creator\" content=\"@integralads\" \/>\n<meta name=\"twitter:site\" content=\"@integralads\" \/>\n<meta name=\"twitter:label1\" content=\"Written by\" \/>\n\t<meta name=\"twitter:data1\" content=\"IAS TEAM\" \/>\n\t<meta name=\"twitter:label2\" content=\"Est. reading time\" \/>\n\t<meta name=\"twitter:data2\" content=\"2 minutes\" \/>\n<script type=\"application\/ld+json\" class=\"yoast-schema-graph\">{\"@context\":\"https:\\\/\\\/schema.org\",\"@graph\":[{\"@type\":\"Article\",\"@id\":\"https:\\\/\\\/integralads.com\\\/de\\\/insider\\\/faces-behind-the-tech-2\\\/#article\",\"isPartOf\":{\"@id\":\"https:\\\/\\\/integralads.com\\\/de\\\/insider\\\/faces-behind-the-tech-2\\\/\"},\"author\":{\"name\":\"IAS TEAM\",\"@id\":\"https:\\\/\\\/integralads.com\\\/#\\\/schema\\\/person\\\/dbee79df007713b5bab3127e3f349399\"},\"headline\":\"Faces behind the Tech\",\"datePublished\":\"2020-12-10T05:00:00+00:00\",\"dateModified\":\"2025-05-19T17:09:34+00:00\",\"mainEntityOfPage\":{\"@id\":\"https:\\\/\\\/integralads.com\\\/de\\\/insider\\\/faces-behind-the-tech-2\\\/\"},\"wordCount\":367,\"publisher\":{\"@id\":\"https:\\\/\\\/integralads.com\\\/#organization\"},\"image\":{\"@id\":\"https:\\\/\\\/integralads.com\\\/de\\\/insider\\\/faces-behind-the-tech-2\\\/#primaryimage\"},\"thumbnailUrl\":\"https:\\\/\\\/integralads.com\\\/wp-content\\\/uploads\\\/2023\\\/06\\\/FBTT_Insider_homepage_header.png\",\"keywords\":[\"Context Control\",\"Faces behind the tech\",\"interviews\"],\"articleSection\":[\"Brand Safety &amp; Suitability\",\"CTV &amp; Video\",\"Open Web\",\"Publisher\"],\"inLanguage\":\"de-DE\"},{\"@type\":\"WebPage\",\"@id\":\"https:\\\/\\\/integralads.com\\\/de\\\/insider\\\/faces-behind-the-tech-2\\\/\",\"url\":\"https:\\\/\\\/integralads.com\\\/de\\\/insider\\\/faces-behind-the-tech-2\\\/\",\"name\":\"Faces behind the Tech - Integral Ad Science\",\"isPartOf\":{\"@id\":\"https:\\\/\\\/integralads.com\\\/#website\"},\"primaryImageOfPage\":{\"@id\":\"https:\\\/\\\/integralads.com\\\/de\\\/insider\\\/faces-behind-the-tech-2\\\/#primaryimage\"},\"image\":{\"@id\":\"https:\\\/\\\/integralads.com\\\/de\\\/insider\\\/faces-behind-the-tech-2\\\/#primaryimage\"},\"thumbnailUrl\":\"https:\\\/\\\/integralads.com\\\/wp-content\\\/uploads\\\/2023\\\/06\\\/FBTT_Insider_homepage_header.png\",\"datePublished\":\"2020-12-10T05:00:00+00:00\",\"dateModified\":\"2025-05-19T17:09:34+00:00\",\"breadcrumb\":{\"@id\":\"https:\\\/\\\/integralads.com\\\/de\\\/insider\\\/faces-behind-the-tech-2\\\/#breadcrumb\"},\"inLanguage\":\"de-DE\",\"potentialAction\":[{\"@type\":\"ReadAction\",\"target\":[\"https:\\\/\\\/integralads.com\\\/de\\\/insider\\\/faces-behind-the-tech-2\\\/\"]}]},{\"@type\":\"ImageObject\",\"inLanguage\":\"de-DE\",\"@id\":\"https:\\\/\\\/integralads.com\\\/de\\\/insider\\\/faces-behind-the-tech-2\\\/#primaryimage\",\"url\":\"https:\\\/\\\/integralads.com\\\/wp-content\\\/uploads\\\/2023\\\/06\\\/FBTT_Insider_homepage_header.png\",\"contentUrl\":\"https:\\\/\\\/integralads.com\\\/wp-content\\\/uploads\\\/2023\\\/06\\\/FBTT_Insider_homepage_header.png\",\"width\":835,\"height\":535},{\"@type\":\"BreadcrumbList\",\"@id\":\"https:\\\/\\\/integralads.com\\\/de\\\/insider\\\/faces-behind-the-tech-2\\\/#breadcrumb\",\"itemListElement\":[{\"@type\":\"ListItem\",\"position\":1,\"name\":\"Home\",\"item\":\"https:\\\/\\\/integralads.com\\\/de\\\/\"},{\"@type\":\"ListItem\",\"position\":2,\"name\":\"Faces behind the Tech\"}]},{\"@type\":\"WebSite\",\"@id\":\"https:\\\/\\\/integralads.com\\\/#website\",\"url\":\"https:\\\/\\\/integralads.com\\\/\",\"name\":\"Integral Ad Science\",\"description\":\"The Hidden Cost of MFA Webinar\",\"publisher\":{\"@id\":\"https:\\\/\\\/integralads.com\\\/#organization\"},\"potentialAction\":[{\"@type\":\"SearchAction\",\"target\":{\"@type\":\"EntryPoint\",\"urlTemplate\":\"https:\\\/\\\/integralads.com\\\/?s={search_term_string}\"},\"query-input\":{\"@type\":\"PropertyValueSpecification\",\"valueRequired\":true,\"valueName\":\"search_term_string\"}}],\"inLanguage\":\"de-DE\"},{\"@type\":\"Organization\",\"@id\":\"https:\\\/\\\/integralads.com\\\/#organization\",\"name\":\"Integral Ad Science\",\"url\":\"https:\\\/\\\/integralads.com\\\/\",\"logo\":{\"@type\":\"ImageObject\",\"inLanguage\":\"de-DE\",\"@id\":\"https:\\\/\\\/integralads.com\\\/#\\\/schema\\\/logo\\\/image\\\/\",\"url\":\"https:\\\/\\\/integralads.com\\\/wp-content\\\/uploads\\\/2023\\\/10\\\/IAS_Square-Logo-600x600-1.png\",\"contentUrl\":\"https:\\\/\\\/integralads.com\\\/wp-content\\\/uploads\\\/2023\\\/10\\\/IAS_Square-Logo-600x600-1.png\",\"width\":600,\"height\":600,\"caption\":\"Integral Ad Science\"},\"image\":{\"@id\":\"https:\\\/\\\/integralads.com\\\/#\\\/schema\\\/logo\\\/image\\\/\"},\"sameAs\":[\"https:\\\/\\\/x.com\\\/integralads\"]},{\"@type\":\"Person\",\"@id\":\"https:\\\/\\\/integralads.com\\\/#\\\/schema\\\/person\\\/dbee79df007713b5bab3127e3f349399\",\"name\":\"IAS TEAM\",\"image\":{\"@type\":\"ImageObject\",\"inLanguage\":\"de-DE\",\"@id\":\"https:\\\/\\\/secure.gravatar.com\\\/avatar\\\/255e04bda9c08f76d15834db86e6d973bed5d92c701c65e4e3781e74f8b79551?s=96&d=mm&r=g\",\"url\":\"https:\\\/\\\/secure.gravatar.com\\\/avatar\\\/255e04bda9c08f76d15834db86e6d973bed5d92c701c65e4e3781e74f8b79551?s=96&d=mm&r=g\",\"contentUrl\":\"https:\\\/\\\/secure.gravatar.com\\\/avatar\\\/255e04bda9c08f76d15834db86e6d973bed5d92c701c65e4e3781e74f8b79551?s=96&d=mm&r=g\",\"caption\":\"IAS TEAM\"},\"description\":\"Lorem ipsum dolor sit amet, consectetur adipiscing elit, sed do eiusmod tempor incididunt ut labore et dolore magna aliqua. Ut enim ad minim veniam, quis nostrud exercitation ullamco laboris nisi ut aliquip ex ea commodo consequat. Duis aute irure dolor in reprehenderit in voluptate velit esse cillum dolore eu fugiat nulla pariatur. Excepteur sint occaecat cupidatat non proident, sunt in culpa qui officia deserunt mollit anim id est laborum.\",\"sameAs\":[\"https:\\\/\\\/integralads.com\"],\"jobTitle\":\"TEST\",\"url\":\"https:\\\/\\\/integralads.com\\\/de\\\/insider\\\/author\\\/ias2023\\\/\"}]}<\/script>\n<!-- \/ Yoast SEO Premium plugin. -->","yoast_head_json":{"title":"Faces behind the Tech - Integral Ad Science","robots":{"index":"index","follow":"follow","max-snippet":"max-snippet:-1","max-image-preview":"max-image-preview:large","max-video-preview":"max-video-preview:-1"},"canonical":"https:\/\/integralads.com\/de\/insider\/faces-behind-the-tech-2\/","og_locale":"de_DE","og_type":"article","og_title":"Faces behind the Tech","og_description":"Die Videoreihe Faces behind the Tech erkl\u00e4rt die IAS-Technologie und Kernthemen der Ad Verification wie CTV, Programmatic und Plattform Integrationen","og_url":"https:\/\/integralads.com\/de\/insider\/faces-behind-the-tech-2\/","og_site_name":"Integral Ad Science","article_published_time":"2020-12-10T05:00:00+00:00","article_modified_time":"2025-05-19T17:09:34+00:00","og_image":[{"width":835,"height":535,"url":"https:\/\/integralads.com\/wp-content\/uploads\/2023\/06\/FBTT_Insider_homepage_header.png","type":"image\/png"}],"author":"IAS TEAM","twitter_card":"summary_large_image","twitter_creator":"@integralads","twitter_site":"@integralads","twitter_misc":{"Written by":"IAS TEAM","Est. reading time":"2 minutes"},"schema":{"@context":"https:\/\/schema.org","@graph":[{"@type":"Article","@id":"https:\/\/integralads.com\/de\/insider\/faces-behind-the-tech-2\/#article","isPartOf":{"@id":"https:\/\/integralads.com\/de\/insider\/faces-behind-the-tech-2\/"},"author":{"name":"IAS TEAM","@id":"https:\/\/integralads.com\/#\/schema\/person\/dbee79df007713b5bab3127e3f349399"},"headline":"Faces behind the Tech","datePublished":"2020-12-10T05:00:00+00:00","dateModified":"2025-05-19T17:09:34+00:00","mainEntityOfPage":{"@id":"https:\/\/integralads.com\/de\/insider\/faces-behind-the-tech-2\/"},"wordCount":367,"publisher":{"@id":"https:\/\/integralads.com\/#organization"},"image":{"@id":"https:\/\/integralads.com\/de\/insider\/faces-behind-the-tech-2\/#primaryimage"},"thumbnailUrl":"https:\/\/integralads.com\/wp-content\/uploads\/2023\/06\/FBTT_Insider_homepage_header.png","keywords":["Context Control","Faces behind the tech","interviews"],"articleSection":["Brand Safety &amp; Suitability","CTV &amp; Video","Open Web","Publisher"],"inLanguage":"de-DE"},{"@type":"WebPage","@id":"https:\/\/integralads.com\/de\/insider\/faces-behind-the-tech-2\/","url":"https:\/\/integralads.com\/de\/insider\/faces-behind-the-tech-2\/","name":"Faces behind the Tech - Integral Ad Science","isPartOf":{"@id":"https:\/\/integralads.com\/#website"},"primaryImageOfPage":{"@id":"https:\/\/integralads.com\/de\/insider\/faces-behind-the-tech-2\/#primaryimage"},"image":{"@id":"https:\/\/integralads.com\/de\/insider\/faces-behind-the-tech-2\/#primaryimage"},"thumbnailUrl":"https:\/\/integralads.com\/wp-content\/uploads\/2023\/06\/FBTT_Insider_homepage_header.png","datePublished":"2020-12-10T05:00:00+00:00","dateModified":"2025-05-19T17:09:34+00:00","breadcrumb":{"@id":"https:\/\/integralads.com\/de\/insider\/faces-behind-the-tech-2\/#breadcrumb"},"inLanguage":"de-DE","potentialAction":[{"@type":"ReadAction","target":["https:\/\/integralads.com\/de\/insider\/faces-behind-the-tech-2\/"]}]},{"@type":"ImageObject","inLanguage":"de-DE","@id":"https:\/\/integralads.com\/de\/insider\/faces-behind-the-tech-2\/#primaryimage","url":"https:\/\/integralads.com\/wp-content\/uploads\/2023\/06\/FBTT_Insider_homepage_header.png","contentUrl":"https:\/\/integralads.com\/wp-content\/uploads\/2023\/06\/FBTT_Insider_homepage_header.png","width":835,"height":535},{"@type":"BreadcrumbList","@id":"https:\/\/integralads.com\/de\/insider\/faces-behind-the-tech-2\/#breadcrumb","itemListElement":[{"@type":"ListItem","position":1,"name":"Home","item":"https:\/\/integralads.com\/de\/"},{"@type":"ListItem","position":2,"name":"Faces behind the Tech"}]},{"@type":"WebSite","@id":"https:\/\/integralads.com\/#website","url":"https:\/\/integralads.com\/","name":"Integral Ad Science","description":"The Hidden Cost of MFA Webinar","publisher":{"@id":"https:\/\/integralads.com\/#organization"},"potentialAction":[{"@type":"SearchAction","target":{"@type":"EntryPoint","urlTemplate":"https:\/\/integralads.com\/?s={search_term_string}"},"query-input":{"@type":"PropertyValueSpecification","valueRequired":true,"valueName":"search_term_string"}}],"inLanguage":"de-DE"},{"@type":"Organization","@id":"https:\/\/integralads.com\/#organization","name":"Integral Ad Science","url":"https:\/\/integralads.com\/","logo":{"@type":"ImageObject","inLanguage":"de-DE","@id":"https:\/\/integralads.com\/#\/schema\/logo\/image\/","url":"https:\/\/integralads.com\/wp-content\/uploads\/2023\/10\/IAS_Square-Logo-600x600-1.png","contentUrl":"https:\/\/integralads.com\/wp-content\/uploads\/2023\/10\/IAS_Square-Logo-600x600-1.png","width":600,"height":600,"caption":"Integral Ad Science"},"image":{"@id":"https:\/\/integralads.com\/#\/schema\/logo\/image\/"},"sameAs":["https:\/\/x.com\/integralads"]},{"@type":"Person","@id":"https:\/\/integralads.com\/#\/schema\/person\/dbee79df007713b5bab3127e3f349399","name":"IAS TEAM","image":{"@type":"ImageObject","inLanguage":"de-DE","@id":"https:\/\/secure.gravatar.com\/avatar\/255e04bda9c08f76d15834db86e6d973bed5d92c701c65e4e3781e74f8b79551?s=96&d=mm&r=g","url":"https:\/\/secure.gravatar.com\/avatar\/255e04bda9c08f76d15834db86e6d973bed5d92c701c65e4e3781e74f8b79551?s=96&d=mm&r=g","contentUrl":"https:\/\/secure.gravatar.com\/avatar\/255e04bda9c08f76d15834db86e6d973bed5d92c701c65e4e3781e74f8b79551?s=96&d=mm&r=g","caption":"IAS TEAM"},"description":"Lorem ipsum dolor sit amet, consectetur adipiscing elit, sed do eiusmod tempor incididunt ut labore et dolore magna aliqua. Ut enim ad minim veniam, quis nostrud exercitation ullamco laboris nisi ut aliquip ex ea commodo consequat. Duis aute irure dolor in reprehenderit in voluptate velit esse cillum dolore eu fugiat nulla pariatur. Excepteur sint occaecat cupidatat non proident, sunt in culpa qui officia deserunt mollit anim id est laborum.","sameAs":["https:\/\/integralads.com"],"jobTitle":"TEST","url":"https:\/\/integralads.com\/de\/insider\/author\/ias2023\/"}]}},"_links":{"self":[{"href":"https:\/\/integralads.com\/de\/wp-json\/wp\/v2\/posts\/293794","targetHints":{"allow":["GET"]}}],"collection":[{"href":"https:\/\/integralads.com\/de\/wp-json\/wp\/v2\/posts"}],"about":[{"href":"https:\/\/integralads.com\/de\/wp-json\/wp\/v2\/types\/post"}],"author":[{"embeddable":true,"href":"https:\/\/integralads.com\/de\/wp-json\/wp\/v2\/users\/1"}],"replies":[{"embeddable":true,"href":"https:\/\/integralads.com\/de\/wp-json\/wp\/v2\/comments?post=293794"}],"version-history":[{"count":0,"href":"https:\/\/integralads.com\/de\/wp-json\/wp\/v2\/posts\/293794\/revisions"}],"wp:featuredmedia":[{"embeddable":true,"href":"https:\/\/integralads.com\/de\/wp-json\/wp\/v2\/media\/293795"}],"wp:attachment":[{"href":"https:\/\/integralads.com\/de\/wp-json\/wp\/v2\/media?parent=293794"}],"wp:term":[{"taxonomy":"category","embeddable":true,"href":"https:\/\/integralads.com\/de\/wp-json\/wp\/v2\/categories?post=293794"},{"taxonomy":"post_tag","embeddable":true,"href":"https:\/\/integralads.com\/de\/wp-json\/wp\/v2\/tags?post=293794"}],"curies":[{"name":"wp","href":"https:\/\/api.w.org\/{rel}","templated":true}]}}