{"id":325285,"date":"2020-05-07T21:19:00","date_gmt":"2020-05-07T21:19:00","guid":{"rendered":"https:\/\/integralads.com\/insider\/webinar-como-percibe-publicidad\/"},"modified":"2023-09-26T12:26:47","modified_gmt":"2023-09-26T12:26:47","slug":"webinar-como-percibe-publicidad","status":"publish","type":"post","link":"https:\/\/integralads.com\/es\/insider\/webinar-como-percibe-publicidad\/","title":{"rendered":"WEBINAR: \u00bfC\u00f3mo percibe la publicidad en el contexto del COVID-19?"},"content":{"rendered":"<p>Los consumidores marcan las reglas del juego en el entorno digital. Para acertar con la estrategia digital es importante conocer sus preferencias en cuanto a los factores que afectan a la percepci\u00f3n que los consumidores tienen de las marcas. La relevancia que el anuncio tenga para el usuario as\u00ed como el entorno en el que aparece, son algunas de las cuestiones que han sido analizadas en nuestro estudio global\u00a0<a id=\"\" href=\"https:\/\/go.integralads.com\/es-ripple-effect-research.html\" target=\"_blank\" rel=\"noopener\">The Ripple Effect<\/a>.\u00a0Y en el estudio Coronavirus Ad Adjacency.<br \/>\n<a href=\"https:\/\/go.integralads.com\/es-ripple-effect-webinar.html\">Ver el webinar de IAS<\/a> y descubrir c\u00f3mo importante los consumidores espa\u00f1oles consideran la relevancia de un anuncio digital. IAS analiza la oportunidad de construir mejores conexiones con los consumidores y comparte las estrategias que la industria puede implementar a partir de hoy para sortear los desaf\u00edos futuros.<\/p>\n<h4><strong>Ponentes<\/strong><\/h4>\n<ul>\n<li>\u00c1ngel Fern\u00e1ndez Castiella, Customer Success Manager,\u00a0<em>Integral Ad Science<\/em><\/li>\n<li>Sara del Canto Rodr\u00edguez, Sales Manager,\u00a0<em>Integral Ad Science<\/em><\/li>\n<\/ul>\n","protected":false},"excerpt":{"rendered":"<p>Ver el webinar de IAS y descubrir c\u00f3mo importante los consumidores espa\u00f1oles consideran la relevancia de un anuncio digital.<\/p>\n","protected":false},"author":1,"featured_media":325286,"comment_status":"closed","ping_status":"closed","sticky":false,"template":"","format":"standard","meta":{"_acf_changed":false,"footnotes":""},"categories":[605,606,609],"tags":[],"class_list":["post-325285","post","type-post","status-publish","format-standard","has-post-thumbnail","hentry","category-brand-safety-suitability-es","category-contextual-targeting-es","category-webinars-videos-recursos"],"acf":[],"yoast_head":"<!-- This site is optimized with the Yoast SEO Premium plugin v27.4 (Yoast SEO v27.4) - https:\/\/yoast.com\/product\/yoast-seo-premium-wordpress\/ -->\n<title>WEBINAR: \u00bfC\u00f3mo percibe la publicidad en el contexto del COVID-19? - IAS<\/title>\n<meta name=\"description\" content=\"Ver el webinar de IAS y descubrir c\u00f3mo importante los consumidores espa\u00f1oles consideran la relevancia de un anuncio digital.\" \/>\n<meta name=\"robots\" content=\"index, follow, max-snippet:-1, max-image-preview:large, max-video-preview:-1\" \/>\n<link rel=\"canonical\" href=\"https:\/\/integralads.com\/es\/insider\/webinar-como-percibe-publicidad\/\" \/>\n<meta property=\"og:locale\" content=\"es_ES\" \/>\n<meta property=\"og:type\" content=\"article\" \/>\n<meta property=\"og:title\" content=\"WEBINAR: \u00bfC\u00f3mo percibe la publicidad en el contexto del COVID-19?\" \/>\n<meta property=\"og:description\" content=\"Ver el webinar de IAS y descubrir c\u00f3mo importante los consumidores espa\u00f1oles consideran la relevancia de un anuncio digital.\" \/>\n<meta property=\"og:url\" content=\"https:\/\/integralads.com\/es\/insider\/webinar-como-percibe-publicidad\/\" \/>\n<meta property=\"og:site_name\" content=\"Integral Ad Science\" \/>\n<meta property=\"article:published_time\" content=\"2020-05-07T21:19:00+00:00\" \/>\n<meta property=\"article:modified_time\" content=\"2023-09-26T12:26:47+00:00\" \/>\n<meta property=\"og:image\" content=\"https:\/\/integralads.com\/wp-content\/uploads\/2023\/09\/ES_Ripple_Effect_webinar.jpeg\" \/>\n\t<meta property=\"og:image:width\" content=\"860\" \/>\n\t<meta property=\"og:image:height\" content=\"860\" \/>\n\t<meta property=\"og:image:type\" content=\"image\/jpeg\" \/>\n<meta name=\"author\" content=\"IAS TEAM\" \/>\n<meta name=\"twitter:card\" content=\"summary_large_image\" \/>\n<meta name=\"twitter:creator\" content=\"@integralads\" \/>\n<meta name=\"twitter:site\" content=\"@integralads\" \/>\n<meta name=\"twitter:label1\" content=\"Written by\" \/>\n\t<meta name=\"twitter:data1\" content=\"IAS TEAM\" \/>\n\t<meta name=\"twitter:label2\" content=\"Est. reading time\" \/>\n\t<meta name=\"twitter:data2\" content=\"1 minute\" \/>\n<script type=\"application\/ld+json\" class=\"yoast-schema-graph\">{\"@context\":\"https:\\\/\\\/schema.org\",\"@graph\":[{\"@type\":\"Article\",\"@id\":\"https:\\\/\\\/integralads.com\\\/es\\\/insider\\\/webinar-como-percibe-publicidad\\\/#article\",\"isPartOf\":{\"@id\":\"https:\\\/\\\/integralads.com\\\/es\\\/insider\\\/webinar-como-percibe-publicidad\\\/\"},\"author\":{\"name\":\"IAS TEAM\",\"@id\":\"https:\\\/\\\/integralads.com\\\/#\\\/schema\\\/person\\\/dbee79df007713b5bab3127e3f349399\"},\"headline\":\"WEBINAR: \u00bfC\u00f3mo percibe la publicidad en el contexto del COVID-19?\",\"datePublished\":\"2020-05-07T21:19:00+00:00\",\"dateModified\":\"2023-09-26T12:26:47+00:00\",\"mainEntityOfPage\":{\"@id\":\"https:\\\/\\\/integralads.com\\\/es\\\/insider\\\/webinar-como-percibe-publicidad\\\/\"},\"wordCount\":163,\"publisher\":{\"@id\":\"https:\\\/\\\/integralads.com\\\/#organization\"},\"image\":{\"@id\":\"https:\\\/\\\/integralads.com\\\/es\\\/insider\\\/webinar-como-percibe-publicidad\\\/#primaryimage\"},\"thumbnailUrl\":\"https:\\\/\\\/integralads.com\\\/wp-content\\\/uploads\\\/2023\\\/09\\\/ES_Ripple_Effect_webinar.jpeg\",\"articleSection\":[\"Brand Safety &amp; Suitability\",\"Contextual Targeting\",\"Webinars &amp; Videos\"],\"inLanguage\":\"es-ES\"},{\"@type\":\"WebPage\",\"@id\":\"https:\\\/\\\/integralads.com\\\/es\\\/insider\\\/webinar-como-percibe-publicidad\\\/\",\"url\":\"https:\\\/\\\/integralads.com\\\/es\\\/insider\\\/webinar-como-percibe-publicidad\\\/\",\"name\":\"WEBINAR: \u00bfC\u00f3mo percibe la publicidad en el contexto del COVID-19? - IAS\",\"isPartOf\":{\"@id\":\"https:\\\/\\\/integralads.com\\\/#website\"},\"primaryImageOfPage\":{\"@id\":\"https:\\\/\\\/integralads.com\\\/es\\\/insider\\\/webinar-como-percibe-publicidad\\\/#primaryimage\"},\"image\":{\"@id\":\"https:\\\/\\\/integralads.com\\\/es\\\/insider\\\/webinar-como-percibe-publicidad\\\/#primaryimage\"},\"thumbnailUrl\":\"https:\\\/\\\/integralads.com\\\/wp-content\\\/uploads\\\/2023\\\/09\\\/ES_Ripple_Effect_webinar.jpeg\",\"datePublished\":\"2020-05-07T21:19:00+00:00\",\"dateModified\":\"2023-09-26T12:26:47+00:00\",\"description\":\"Ver el webinar de IAS y descubrir c\u00f3mo importante los consumidores espa\u00f1oles consideran la relevancia de un anuncio digital.\",\"breadcrumb\":{\"@id\":\"https:\\\/\\\/integralads.com\\\/es\\\/insider\\\/webinar-como-percibe-publicidad\\\/#breadcrumb\"},\"inLanguage\":\"es-ES\",\"potentialAction\":[{\"@type\":\"ReadAction\",\"target\":[\"https:\\\/\\\/integralads.com\\\/es\\\/insider\\\/webinar-como-percibe-publicidad\\\/\"]}]},{\"@type\":\"ImageObject\",\"inLanguage\":\"es-ES\",\"@id\":\"https:\\\/\\\/integralads.com\\\/es\\\/insider\\\/webinar-como-percibe-publicidad\\\/#primaryimage\",\"url\":\"https:\\\/\\\/integralads.com\\\/wp-content\\\/uploads\\\/2023\\\/09\\\/ES_Ripple_Effect_webinar.jpeg\",\"contentUrl\":\"https:\\\/\\\/integralads.com\\\/wp-content\\\/uploads\\\/2023\\\/09\\\/ES_Ripple_Effect_webinar.jpeg\",\"width\":860,\"height\":860,\"caption\":\"IAS ES Webinar Ripple Effect\"},{\"@type\":\"BreadcrumbList\",\"@id\":\"https:\\\/\\\/integralads.com\\\/es\\\/insider\\\/webinar-como-percibe-publicidad\\\/#breadcrumb\",\"itemListElement\":[{\"@type\":\"ListItem\",\"position\":1,\"name\":\"Home\",\"item\":\"https:\\\/\\\/integralads.com\\\/es\\\/\"},{\"@type\":\"ListItem\",\"position\":2,\"name\":\"WEBINAR: \u00bfC\u00f3mo percibe la publicidad en el contexto del COVID-19?\"}]},{\"@type\":\"WebSite\",\"@id\":\"https:\\\/\\\/integralads.com\\\/#website\",\"url\":\"https:\\\/\\\/integralads.com\\\/\",\"name\":\"Integral Ad Science\",\"description\":\"The Hidden Cost of MFA Webinar\",\"publisher\":{\"@id\":\"https:\\\/\\\/integralads.com\\\/#organization\"},\"potentialAction\":[{\"@type\":\"SearchAction\",\"target\":{\"@type\":\"EntryPoint\",\"urlTemplate\":\"https:\\\/\\\/integralads.com\\\/?s={search_term_string}\"},\"query-input\":{\"@type\":\"PropertyValueSpecification\",\"valueRequired\":true,\"valueName\":\"search_term_string\"}}],\"inLanguage\":\"es-ES\"},{\"@type\":\"Organization\",\"@id\":\"https:\\\/\\\/integralads.com\\\/#organization\",\"name\":\"Integral Ad Science\",\"url\":\"https:\\\/\\\/integralads.com\\\/\",\"logo\":{\"@type\":\"ImageObject\",\"inLanguage\":\"es-ES\",\"@id\":\"https:\\\/\\\/integralads.com\\\/#\\\/schema\\\/logo\\\/image\\\/\",\"url\":\"https:\\\/\\\/integralads.com\\\/wp-content\\\/uploads\\\/2023\\\/10\\\/IAS_Square-Logo-600x600-1.png\",\"contentUrl\":\"https:\\\/\\\/integralads.com\\\/wp-content\\\/uploads\\\/2023\\\/10\\\/IAS_Square-Logo-600x600-1.png\",\"width\":600,\"height\":600,\"caption\":\"Integral Ad Science\"},\"image\":{\"@id\":\"https:\\\/\\\/integralads.com\\\/#\\\/schema\\\/logo\\\/image\\\/\"},\"sameAs\":[\"https:\\\/\\\/x.com\\\/integralads\"]},{\"@type\":\"Person\",\"@id\":\"https:\\\/\\\/integralads.com\\\/#\\\/schema\\\/person\\\/dbee79df007713b5bab3127e3f349399\",\"name\":\"IAS TEAM\",\"image\":{\"@type\":\"ImageObject\",\"inLanguage\":\"es-ES\",\"@id\":\"https:\\\/\\\/secure.gravatar.com\\\/avatar\\\/255e04bda9c08f76d15834db86e6d973bed5d92c701c65e4e3781e74f8b79551?s=96&d=mm&r=g\",\"url\":\"https:\\\/\\\/secure.gravatar.com\\\/avatar\\\/255e04bda9c08f76d15834db86e6d973bed5d92c701c65e4e3781e74f8b79551?s=96&d=mm&r=g\",\"contentUrl\":\"https:\\\/\\\/secure.gravatar.com\\\/avatar\\\/255e04bda9c08f76d15834db86e6d973bed5d92c701c65e4e3781e74f8b79551?s=96&d=mm&r=g\",\"caption\":\"IAS TEAM\"},\"description\":\"Lorem ipsum dolor sit amet, consectetur adipiscing elit, sed do eiusmod tempor incididunt ut labore et dolore magna aliqua. Ut enim ad minim veniam, quis nostrud exercitation ullamco laboris nisi ut aliquip ex ea commodo consequat. Duis aute irure dolor in reprehenderit in voluptate velit esse cillum dolore eu fugiat nulla pariatur. Excepteur sint occaecat cupidatat non proident, sunt in culpa qui officia deserunt mollit anim id est laborum.\",\"sameAs\":[\"https:\\\/\\\/integralads.com\"],\"jobTitle\":\"TEST\",\"url\":\"https:\\\/\\\/integralads.com\\\/es\\\/insider\\\/author\\\/ias2023\\\/\"}]}<\/script>\n<!-- \/ Yoast SEO Premium plugin. -->","yoast_head_json":{"title":"WEBINAR: \u00bfC\u00f3mo percibe la publicidad en el contexto del COVID-19? - IAS","description":"Ver el webinar de IAS y descubrir c\u00f3mo importante los consumidores espa\u00f1oles consideran la relevancia de un anuncio digital.","robots":{"index":"index","follow":"follow","max-snippet":"max-snippet:-1","max-image-preview":"max-image-preview:large","max-video-preview":"max-video-preview:-1"},"canonical":"https:\/\/integralads.com\/es\/insider\/webinar-como-percibe-publicidad\/","og_locale":"es_ES","og_type":"article","og_title":"WEBINAR: \u00bfC\u00f3mo percibe la publicidad en el contexto del COVID-19?","og_description":"Ver el webinar de IAS y descubrir c\u00f3mo importante los consumidores espa\u00f1oles consideran la relevancia de un anuncio digital.","og_url":"https:\/\/integralads.com\/es\/insider\/webinar-como-percibe-publicidad\/","og_site_name":"Integral Ad Science","article_published_time":"2020-05-07T21:19:00+00:00","article_modified_time":"2023-09-26T12:26:47+00:00","og_image":[{"width":860,"height":860,"url":"https:\/\/integralads.com\/wp-content\/uploads\/2023\/09\/ES_Ripple_Effect_webinar.jpeg","type":"image\/jpeg"}],"author":"IAS TEAM","twitter_card":"summary_large_image","twitter_creator":"@integralads","twitter_site":"@integralads","twitter_misc":{"Written by":"IAS TEAM","Est. reading time":"1 minute"},"schema":{"@context":"https:\/\/schema.org","@graph":[{"@type":"Article","@id":"https:\/\/integralads.com\/es\/insider\/webinar-como-percibe-publicidad\/#article","isPartOf":{"@id":"https:\/\/integralads.com\/es\/insider\/webinar-como-percibe-publicidad\/"},"author":{"name":"IAS TEAM","@id":"https:\/\/integralads.com\/#\/schema\/person\/dbee79df007713b5bab3127e3f349399"},"headline":"WEBINAR: \u00bfC\u00f3mo percibe la publicidad en el contexto del COVID-19?","datePublished":"2020-05-07T21:19:00+00:00","dateModified":"2023-09-26T12:26:47+00:00","mainEntityOfPage":{"@id":"https:\/\/integralads.com\/es\/insider\/webinar-como-percibe-publicidad\/"},"wordCount":163,"publisher":{"@id":"https:\/\/integralads.com\/#organization"},"image":{"@id":"https:\/\/integralads.com\/es\/insider\/webinar-como-percibe-publicidad\/#primaryimage"},"thumbnailUrl":"https:\/\/integralads.com\/wp-content\/uploads\/2023\/09\/ES_Ripple_Effect_webinar.jpeg","articleSection":["Brand Safety &amp; Suitability","Contextual Targeting","Webinars &amp; Videos"],"inLanguage":"es-ES"},{"@type":"WebPage","@id":"https:\/\/integralads.com\/es\/insider\/webinar-como-percibe-publicidad\/","url":"https:\/\/integralads.com\/es\/insider\/webinar-como-percibe-publicidad\/","name":"WEBINAR: \u00bfC\u00f3mo percibe la publicidad en el contexto del COVID-19? - IAS","isPartOf":{"@id":"https:\/\/integralads.com\/#website"},"primaryImageOfPage":{"@id":"https:\/\/integralads.com\/es\/insider\/webinar-como-percibe-publicidad\/#primaryimage"},"image":{"@id":"https:\/\/integralads.com\/es\/insider\/webinar-como-percibe-publicidad\/#primaryimage"},"thumbnailUrl":"https:\/\/integralads.com\/wp-content\/uploads\/2023\/09\/ES_Ripple_Effect_webinar.jpeg","datePublished":"2020-05-07T21:19:00+00:00","dateModified":"2023-09-26T12:26:47+00:00","description":"Ver el webinar de IAS y descubrir c\u00f3mo importante los consumidores espa\u00f1oles consideran la relevancia de un anuncio digital.","breadcrumb":{"@id":"https:\/\/integralads.com\/es\/insider\/webinar-como-percibe-publicidad\/#breadcrumb"},"inLanguage":"es-ES","potentialAction":[{"@type":"ReadAction","target":["https:\/\/integralads.com\/es\/insider\/webinar-como-percibe-publicidad\/"]}]},{"@type":"ImageObject","inLanguage":"es-ES","@id":"https:\/\/integralads.com\/es\/insider\/webinar-como-percibe-publicidad\/#primaryimage","url":"https:\/\/integralads.com\/wp-content\/uploads\/2023\/09\/ES_Ripple_Effect_webinar.jpeg","contentUrl":"https:\/\/integralads.com\/wp-content\/uploads\/2023\/09\/ES_Ripple_Effect_webinar.jpeg","width":860,"height":860,"caption":"IAS ES Webinar Ripple Effect"},{"@type":"BreadcrumbList","@id":"https:\/\/integralads.com\/es\/insider\/webinar-como-percibe-publicidad\/#breadcrumb","itemListElement":[{"@type":"ListItem","position":1,"name":"Home","item":"https:\/\/integralads.com\/es\/"},{"@type":"ListItem","position":2,"name":"WEBINAR: \u00bfC\u00f3mo percibe la publicidad en el contexto del COVID-19?"}]},{"@type":"WebSite","@id":"https:\/\/integralads.com\/#website","url":"https:\/\/integralads.com\/","name":"Integral Ad Science","description":"The Hidden Cost of MFA Webinar","publisher":{"@id":"https:\/\/integralads.com\/#organization"},"potentialAction":[{"@type":"SearchAction","target":{"@type":"EntryPoint","urlTemplate":"https:\/\/integralads.com\/?s={search_term_string}"},"query-input":{"@type":"PropertyValueSpecification","valueRequired":true,"valueName":"search_term_string"}}],"inLanguage":"es-ES"},{"@type":"Organization","@id":"https:\/\/integralads.com\/#organization","name":"Integral Ad Science","url":"https:\/\/integralads.com\/","logo":{"@type":"ImageObject","inLanguage":"es-ES","@id":"https:\/\/integralads.com\/#\/schema\/logo\/image\/","url":"https:\/\/integralads.com\/wp-content\/uploads\/2023\/10\/IAS_Square-Logo-600x600-1.png","contentUrl":"https:\/\/integralads.com\/wp-content\/uploads\/2023\/10\/IAS_Square-Logo-600x600-1.png","width":600,"height":600,"caption":"Integral Ad Science"},"image":{"@id":"https:\/\/integralads.com\/#\/schema\/logo\/image\/"},"sameAs":["https:\/\/x.com\/integralads"]},{"@type":"Person","@id":"https:\/\/integralads.com\/#\/schema\/person\/dbee79df007713b5bab3127e3f349399","name":"IAS TEAM","image":{"@type":"ImageObject","inLanguage":"es-ES","@id":"https:\/\/secure.gravatar.com\/avatar\/255e04bda9c08f76d15834db86e6d973bed5d92c701c65e4e3781e74f8b79551?s=96&d=mm&r=g","url":"https:\/\/secure.gravatar.com\/avatar\/255e04bda9c08f76d15834db86e6d973bed5d92c701c65e4e3781e74f8b79551?s=96&d=mm&r=g","contentUrl":"https:\/\/secure.gravatar.com\/avatar\/255e04bda9c08f76d15834db86e6d973bed5d92c701c65e4e3781e74f8b79551?s=96&d=mm&r=g","caption":"IAS TEAM"},"description":"Lorem ipsum dolor sit amet, consectetur adipiscing elit, sed do eiusmod tempor incididunt ut labore et dolore magna aliqua. Ut enim ad minim veniam, quis nostrud exercitation ullamco laboris nisi ut aliquip ex ea commodo consequat. Duis aute irure dolor in reprehenderit in voluptate velit esse cillum dolore eu fugiat nulla pariatur. Excepteur sint occaecat cupidatat non proident, sunt in culpa qui officia deserunt mollit anim id est laborum.","sameAs":["https:\/\/integralads.com"],"jobTitle":"TEST","url":"https:\/\/integralads.com\/es\/insider\/author\/ias2023\/"}]}},"_links":{"self":[{"href":"https:\/\/integralads.com\/es\/wp-json\/wp\/v2\/posts\/325285","targetHints":{"allow":["GET"]}}],"collection":[{"href":"https:\/\/integralads.com\/es\/wp-json\/wp\/v2\/posts"}],"about":[{"href":"https:\/\/integralads.com\/es\/wp-json\/wp\/v2\/types\/post"}],"author":[{"embeddable":true,"href":"https:\/\/integralads.com\/es\/wp-json\/wp\/v2\/users\/1"}],"replies":[{"embeddable":true,"href":"https:\/\/integralads.com\/es\/wp-json\/wp\/v2\/comments?post=325285"}],"version-history":[{"count":0,"href":"https:\/\/integralads.com\/es\/wp-json\/wp\/v2\/posts\/325285\/revisions"}],"wp:featuredmedia":[{"embeddable":true,"href":"https:\/\/integralads.com\/es\/wp-json\/wp\/v2\/media\/325286"}],"wp:attachment":[{"href":"https:\/\/integralads.com\/es\/wp-json\/wp\/v2\/media?parent=325285"}],"wp:term":[{"taxonomy":"category","embeddable":true,"href":"https:\/\/integralads.com\/es\/wp-json\/wp\/v2\/categories?post=325285"},{"taxonomy":"post_tag","embeddable":true,"href":"https:\/\/integralads.com\/es\/wp-json\/wp\/v2\/tags?post=325285"}],"curies":[{"name":"wp","href":"https:\/\/api.w.org\/{rel}","templated":true}]}}