{"id":326933,"date":"2023-05-25T12:03:07","date_gmt":"2023-05-25T12:03:07","guid":{"rendered":"https:\/\/integralads.com\/?p=326933"},"modified":"2023-12-15T13:46:25","modified_gmt":"2023-12-15T13:46:25","slug":"ias-obtiene-la-primera-acreditacion-mrc-del-sector-para-impresiones-visibles-de-ctv","status":"publish","type":"post","link":"https:\/\/integralads.com\/es\/insider\/ias-obtiene-la-primera-acreditacion-mrc-del-sector-para-impresiones-visibles-de-ctv\/","title":{"rendered":"IAS obtiene la primera acreditaci\u00f3n MRC del sector para Impresiones Visibles De CTV"},"content":{"rendered":"\n<p>Muy pronto llegar\u00e1 oficialmente la maravillosa \u00e9poca de escapadas y <strong>viajes vacacionales. Adem\u00e1s comienza la temporada de rebajas,<\/strong> competiciones como el <strong>Tour de France o la NBA<\/strong>, o citas imprescindibles para los cin\u00e9filos como el <strong>Festival de Venecia<\/strong>. \u00bfSabes que en todos estos acontecimientos puedes <strong>llegar a tu p\u00fablico<\/strong> utilizando la tecnolog\u00eda adecuada?<\/p>\n\n\n\n<p><strong>La tecnolog\u00eda sem\u00e1ntica de IAS<\/strong> es capaz de comprender el verdadero <strong>contexto, el sentimiento y las emociones de una p\u00e1gina web determinada<\/strong>. Esto permite dirigir tus anuncios a p\u00e1ginas contextualmente relevantes para tus campa\u00f1as de verano con el fin de llegar a tus clientes y aumentar la favorabilidad de tu marca. Todo ello sin utilizar cookies de terceros.<\/p>\n\n\n\n<p>Haz clic en <a href=\"https:\/\/bit.ly\/3IolLpo\">&#8220;Descargar&#8221; <\/a>para obtener los <strong>segmentos contextuales de IAS<\/strong> <strong>seleccionados para tus campa\u00f1as de verano<\/strong>.<\/p>\n\n\n\n<p><strong>La acreditaci\u00f3n de Viewability se aplica al tr\u00e1fico de CTV certificado por IAS<\/strong><\/p>\n\n\n\n<p>La acreditaci\u00f3n incluye la medici\u00f3n de anuncios con seguimiento de v\u00eddeo, impresiones y m\u00e9tricas de visibilidad relacionadas -incluida la detecci\u00f3n general de tr\u00e1fico no v\u00e1lido- en entornos CTV (aplicable s\u00f3lo al tr\u00e1fico certificado). Hasta la fecha, IAS es la \u00fanica empresa que ha obtenido la acreditaci\u00f3n del MRC para la visibilidad en CTV. IAS tambi\u00e9n ha recibido la acreditaci\u00f3n del MRC para impresiones renderizadas en CTV.&nbsp;<\/p>\n\n\n\n<p>IAS ha conseguido estas acreditaciones tras someterse a una rigurosa auditor\u00eda realizada por una empresa independiente de CPA contratada por el MRC, que incluy\u00f3 pruebas en distintas aplicaciones y combinaciones de dispositivos para garantizar que su medici\u00f3n de anuncios de v\u00eddeo de CTV cumple los est\u00e1ndares del MRC para impresiones visibles.&nbsp;<\/p>\n\n\n\n<p>&#8220;La acreditaci\u00f3n de la medici\u00f3n de IAS de anuncios de v\u00eddeo, impresiones y m\u00e9tricas de visibilidad en entornos CTV es un paso importante para aportar transparencia a los anunciantes y editores en este espacio en r\u00e1pida expansi\u00f3n&#8221;, ha afirmado George W. Ivie, director ejecutivo y CEO de MRC. &#8220;Felicitamos a IAS por este notable hito, y por su continua demostraci\u00f3n de liderazgo en la industria en apoyo de la medici\u00f3n de calidad a trav\u00e9s del proceso de acreditaci\u00f3n&#8221;.<\/p>\n\n\n\n<p>Este \u00faltimo logro de acreditaci\u00f3n es un paso m\u00e1s del compromiso de IAS por aportar transparencia y calidad a todos los aspectos del panorama de la medici\u00f3n digital.<\/p>\n\n\n\n<p><br>El \u00e1mbito de aplicaci\u00f3n de la acreditaci\u00f3n MRC es \u00fanicamente Estados Unidos.<\/p>\n","protected":false},"excerpt":{"rendered":"<p>Muy pronto llegar\u00e1 oficialmente la maravillosa \u00e9poca de escapadas y viajes vacacionales. Adem\u00e1s comienza la temporada de rebajas, competiciones como el Tour de France o la NBA, o citas imprescindibles para los cin\u00e9filos como el Festival de Venecia. \u00bfSabes que&#8230;<\/p>\n","protected":false},"author":1,"featured_media":318132,"comment_status":"closed","ping_status":"closed","sticky":false,"template":"","format":"standard","meta":{"_acf_changed":false,"footnotes":""},"categories":[611],"tags":[],"class_list":["post-326933","post","type-post","status-publish","format-standard","has-post-thumbnail","hentry","category-ctv-video-es"],"acf":[],"yoast_head":"<!-- This site is optimized with the Yoast SEO Premium plugin v27.4 (Yoast SEO v27.4) - https:\/\/yoast.com\/product\/yoast-seo-premium-wordpress\/ -->\n<title>IAS obtiene la primera acreditaci\u00f3n MRC del sector para Impresiones Visibles De CTV - Integral Ad Science<\/title>\n<meta name=\"robots\" content=\"index, follow, max-snippet:-1, max-image-preview:large, max-video-preview:-1\" \/>\n<link rel=\"canonical\" href=\"https:\/\/integralads.com\/es\/insider\/ias-obtiene-la-primera-acreditacion-mrc-del-sector-para-impresiones-visibles-de-ctv\/\" \/>\n<meta property=\"og:locale\" content=\"es_ES\" \/>\n<meta property=\"og:type\" content=\"article\" \/>\n<meta property=\"og:title\" content=\"IAS obtiene la primera acreditaci\u00f3n MRC del sector para Impresiones Visibles De CTV\" \/>\n<meta property=\"og:description\" content=\"Muy pronto llegar\u00e1 oficialmente la maravillosa \u00e9poca de escapadas y viajes vacacionales. Adem\u00e1s comienza la temporada de rebajas, competiciones como el Tour de France o la NBA, o citas imprescindibles para los cin\u00e9filos como el Festival de Venecia. \u00bfSabes que...\" \/>\n<meta property=\"og:url\" content=\"https:\/\/integralads.com\/es\/insider\/ias-obtiene-la-primera-acreditacion-mrc-del-sector-para-impresiones-visibles-de-ctv\/\" \/>\n<meta property=\"og:site_name\" content=\"Integral Ad Science\" \/>\n<meta property=\"article:published_time\" content=\"2023-05-25T12:03:07+00:00\" \/>\n<meta property=\"article:modified_time\" content=\"2023-12-15T13:46:25+00:00\" \/>\n<meta property=\"og:image\" content=\"https:\/\/integralads.com\/wp-content\/uploads\/2023\/05\/CTV-MRC-Accreditation-860x860-1.jpeg\" \/>\n\t<meta property=\"og:image:width\" content=\"860\" \/>\n\t<meta property=\"og:image:height\" content=\"860\" \/>\n\t<meta property=\"og:image:type\" content=\"image\/jpeg\" \/>\n<meta name=\"author\" content=\"IAS TEAM\" \/>\n<meta name=\"twitter:card\" content=\"summary_large_image\" \/>\n<meta name=\"twitter:creator\" content=\"@integralads\" \/>\n<meta name=\"twitter:site\" content=\"@integralads\" \/>\n<meta name=\"twitter:label1\" content=\"Written by\" \/>\n\t<meta name=\"twitter:data1\" content=\"IAS TEAM\" \/>\n\t<meta name=\"twitter:label2\" content=\"Est. reading time\" \/>\n\t<meta name=\"twitter:data2\" content=\"2 minutes\" \/>\n<script type=\"application\/ld+json\" class=\"yoast-schema-graph\">{\"@context\":\"https:\\\/\\\/schema.org\",\"@graph\":[{\"@type\":\"Article\",\"@id\":\"https:\\\/\\\/integralads.com\\\/es\\\/insider\\\/ias-obtiene-la-primera-acreditacion-mrc-del-sector-para-impresiones-visibles-de-ctv\\\/#article\",\"isPartOf\":{\"@id\":\"https:\\\/\\\/integralads.com\\\/es\\\/insider\\\/ias-obtiene-la-primera-acreditacion-mrc-del-sector-para-impresiones-visibles-de-ctv\\\/\"},\"author\":{\"name\":\"IAS TEAM\",\"@id\":\"https:\\\/\\\/integralads.com\\\/#\\\/schema\\\/person\\\/dbee79df007713b5bab3127e3f349399\"},\"headline\":\"IAS obtiene la primera acreditaci\u00f3n MRC del sector para Impresiones Visibles De CTV\",\"datePublished\":\"2023-05-25T12:03:07+00:00\",\"dateModified\":\"2023-12-15T13:46:25+00:00\",\"mainEntityOfPage\":{\"@id\":\"https:\\\/\\\/integralads.com\\\/es\\\/insider\\\/ias-obtiene-la-primera-acreditacion-mrc-del-sector-para-impresiones-visibles-de-ctv\\\/\"},\"wordCount\":435,\"publisher\":{\"@id\":\"https:\\\/\\\/integralads.com\\\/#organization\"},\"image\":{\"@id\":\"https:\\\/\\\/integralads.com\\\/es\\\/insider\\\/ias-obtiene-la-primera-acreditacion-mrc-del-sector-para-impresiones-visibles-de-ctv\\\/#primaryimage\"},\"thumbnailUrl\":\"https:\\\/\\\/integralads.com\\\/wp-content\\\/uploads\\\/2023\\\/05\\\/CTV-MRC-Accreditation-860x860-1.jpeg\",\"articleSection\":[\"CTV &amp; V\u00eddeo\"],\"inLanguage\":\"es-ES\"},{\"@type\":\"WebPage\",\"@id\":\"https:\\\/\\\/integralads.com\\\/es\\\/insider\\\/ias-obtiene-la-primera-acreditacion-mrc-del-sector-para-impresiones-visibles-de-ctv\\\/\",\"url\":\"https:\\\/\\\/integralads.com\\\/es\\\/insider\\\/ias-obtiene-la-primera-acreditacion-mrc-del-sector-para-impresiones-visibles-de-ctv\\\/\",\"name\":\"IAS obtiene la primera acreditaci\u00f3n MRC del sector para Impresiones Visibles De CTV - Integral Ad Science\",\"isPartOf\":{\"@id\":\"https:\\\/\\\/integralads.com\\\/#website\"},\"primaryImageOfPage\":{\"@id\":\"https:\\\/\\\/integralads.com\\\/es\\\/insider\\\/ias-obtiene-la-primera-acreditacion-mrc-del-sector-para-impresiones-visibles-de-ctv\\\/#primaryimage\"},\"image\":{\"@id\":\"https:\\\/\\\/integralads.com\\\/es\\\/insider\\\/ias-obtiene-la-primera-acreditacion-mrc-del-sector-para-impresiones-visibles-de-ctv\\\/#primaryimage\"},\"thumbnailUrl\":\"https:\\\/\\\/integralads.com\\\/wp-content\\\/uploads\\\/2023\\\/05\\\/CTV-MRC-Accreditation-860x860-1.jpeg\",\"datePublished\":\"2023-05-25T12:03:07+00:00\",\"dateModified\":\"2023-12-15T13:46:25+00:00\",\"breadcrumb\":{\"@id\":\"https:\\\/\\\/integralads.com\\\/es\\\/insider\\\/ias-obtiene-la-primera-acreditacion-mrc-del-sector-para-impresiones-visibles-de-ctv\\\/#breadcrumb\"},\"inLanguage\":\"es-ES\",\"potentialAction\":[{\"@type\":\"ReadAction\",\"target\":[\"https:\\\/\\\/integralads.com\\\/es\\\/insider\\\/ias-obtiene-la-primera-acreditacion-mrc-del-sector-para-impresiones-visibles-de-ctv\\\/\"]}]},{\"@type\":\"ImageObject\",\"inLanguage\":\"es-ES\",\"@id\":\"https:\\\/\\\/integralads.com\\\/es\\\/insider\\\/ias-obtiene-la-primera-acreditacion-mrc-del-sector-para-impresiones-visibles-de-ctv\\\/#primaryimage\",\"url\":\"https:\\\/\\\/integralads.com\\\/wp-content\\\/uploads\\\/2023\\\/05\\\/CTV-MRC-Accreditation-860x860-1.jpeg\",\"contentUrl\":\"https:\\\/\\\/integralads.com\\\/wp-content\\\/uploads\\\/2023\\\/05\\\/CTV-MRC-Accreditation-860x860-1.jpeg\",\"width\":860,\"height\":860,\"caption\":\"CTV-MRC-Accreditation\"},{\"@type\":\"BreadcrumbList\",\"@id\":\"https:\\\/\\\/integralads.com\\\/es\\\/insider\\\/ias-obtiene-la-primera-acreditacion-mrc-del-sector-para-impresiones-visibles-de-ctv\\\/#breadcrumb\",\"itemListElement\":[{\"@type\":\"ListItem\",\"position\":1,\"name\":\"Home\",\"item\":\"https:\\\/\\\/integralads.com\\\/es\\\/\"},{\"@type\":\"ListItem\",\"position\":2,\"name\":\"IAS obtiene la primera acreditaci\u00f3n MRC del sector para Impresiones Visibles De CTV\"}]},{\"@type\":\"WebSite\",\"@id\":\"https:\\\/\\\/integralads.com\\\/#website\",\"url\":\"https:\\\/\\\/integralads.com\\\/\",\"name\":\"Integral Ad Science\",\"description\":\"The Hidden Cost of MFA Webinar\",\"publisher\":{\"@id\":\"https:\\\/\\\/integralads.com\\\/#organization\"},\"potentialAction\":[{\"@type\":\"SearchAction\",\"target\":{\"@type\":\"EntryPoint\",\"urlTemplate\":\"https:\\\/\\\/integralads.com\\\/?s={search_term_string}\"},\"query-input\":{\"@type\":\"PropertyValueSpecification\",\"valueRequired\":true,\"valueName\":\"search_term_string\"}}],\"inLanguage\":\"es-ES\"},{\"@type\":\"Organization\",\"@id\":\"https:\\\/\\\/integralads.com\\\/#organization\",\"name\":\"Integral Ad Science\",\"url\":\"https:\\\/\\\/integralads.com\\\/\",\"logo\":{\"@type\":\"ImageObject\",\"inLanguage\":\"es-ES\",\"@id\":\"https:\\\/\\\/integralads.com\\\/#\\\/schema\\\/logo\\\/image\\\/\",\"url\":\"https:\\\/\\\/integralads.com\\\/wp-content\\\/uploads\\\/2023\\\/10\\\/IAS_Square-Logo-600x600-1.png\",\"contentUrl\":\"https:\\\/\\\/integralads.com\\\/wp-content\\\/uploads\\\/2023\\\/10\\\/IAS_Square-Logo-600x600-1.png\",\"width\":600,\"height\":600,\"caption\":\"Integral Ad Science\"},\"image\":{\"@id\":\"https:\\\/\\\/integralads.com\\\/#\\\/schema\\\/logo\\\/image\\\/\"},\"sameAs\":[\"https:\\\/\\\/x.com\\\/integralads\"]},{\"@type\":\"Person\",\"@id\":\"https:\\\/\\\/integralads.com\\\/#\\\/schema\\\/person\\\/dbee79df007713b5bab3127e3f349399\",\"name\":\"IAS TEAM\",\"image\":{\"@type\":\"ImageObject\",\"inLanguage\":\"es-ES\",\"@id\":\"https:\\\/\\\/secure.gravatar.com\\\/avatar\\\/255e04bda9c08f76d15834db86e6d973bed5d92c701c65e4e3781e74f8b79551?s=96&d=mm&r=g\",\"url\":\"https:\\\/\\\/secure.gravatar.com\\\/avatar\\\/255e04bda9c08f76d15834db86e6d973bed5d92c701c65e4e3781e74f8b79551?s=96&d=mm&r=g\",\"contentUrl\":\"https:\\\/\\\/secure.gravatar.com\\\/avatar\\\/255e04bda9c08f76d15834db86e6d973bed5d92c701c65e4e3781e74f8b79551?s=96&d=mm&r=g\",\"caption\":\"IAS TEAM\"},\"description\":\"Lorem ipsum dolor sit amet, consectetur adipiscing elit, sed do eiusmod tempor incididunt ut labore et dolore magna aliqua. Ut enim ad minim veniam, quis nostrud exercitation ullamco laboris nisi ut aliquip ex ea commodo consequat. Duis aute irure dolor in reprehenderit in voluptate velit esse cillum dolore eu fugiat nulla pariatur. Excepteur sint occaecat cupidatat non proident, sunt in culpa qui officia deserunt mollit anim id est laborum.\",\"sameAs\":[\"https:\\\/\\\/integralads.com\"],\"jobTitle\":\"TEST\",\"url\":\"https:\\\/\\\/integralads.com\\\/es\\\/insider\\\/author\\\/ias2023\\\/\"}]}<\/script>\n<!-- \/ Yoast SEO Premium plugin. -->","yoast_head_json":{"title":"IAS obtiene la primera acreditaci\u00f3n MRC del sector para Impresiones Visibles De CTV - Integral Ad Science","robots":{"index":"index","follow":"follow","max-snippet":"max-snippet:-1","max-image-preview":"max-image-preview:large","max-video-preview":"max-video-preview:-1"},"canonical":"https:\/\/integralads.com\/es\/insider\/ias-obtiene-la-primera-acreditacion-mrc-del-sector-para-impresiones-visibles-de-ctv\/","og_locale":"es_ES","og_type":"article","og_title":"IAS obtiene la primera acreditaci\u00f3n MRC del sector para Impresiones Visibles De CTV","og_description":"Muy pronto llegar\u00e1 oficialmente la maravillosa \u00e9poca de escapadas y viajes vacacionales. Adem\u00e1s comienza la temporada de rebajas, competiciones como el Tour de France o la NBA, o citas imprescindibles para los cin\u00e9filos como el Festival de Venecia. \u00bfSabes que...","og_url":"https:\/\/integralads.com\/es\/insider\/ias-obtiene-la-primera-acreditacion-mrc-del-sector-para-impresiones-visibles-de-ctv\/","og_site_name":"Integral Ad Science","article_published_time":"2023-05-25T12:03:07+00:00","article_modified_time":"2023-12-15T13:46:25+00:00","og_image":[{"width":860,"height":860,"url":"https:\/\/integralads.com\/wp-content\/uploads\/2023\/05\/CTV-MRC-Accreditation-860x860-1.jpeg","type":"image\/jpeg"}],"author":"IAS TEAM","twitter_card":"summary_large_image","twitter_creator":"@integralads","twitter_site":"@integralads","twitter_misc":{"Written by":"IAS TEAM","Est. reading time":"2 minutes"},"schema":{"@context":"https:\/\/schema.org","@graph":[{"@type":"Article","@id":"https:\/\/integralads.com\/es\/insider\/ias-obtiene-la-primera-acreditacion-mrc-del-sector-para-impresiones-visibles-de-ctv\/#article","isPartOf":{"@id":"https:\/\/integralads.com\/es\/insider\/ias-obtiene-la-primera-acreditacion-mrc-del-sector-para-impresiones-visibles-de-ctv\/"},"author":{"name":"IAS TEAM","@id":"https:\/\/integralads.com\/#\/schema\/person\/dbee79df007713b5bab3127e3f349399"},"headline":"IAS obtiene la primera acreditaci\u00f3n MRC del sector para Impresiones Visibles De CTV","datePublished":"2023-05-25T12:03:07+00:00","dateModified":"2023-12-15T13:46:25+00:00","mainEntityOfPage":{"@id":"https:\/\/integralads.com\/es\/insider\/ias-obtiene-la-primera-acreditacion-mrc-del-sector-para-impresiones-visibles-de-ctv\/"},"wordCount":435,"publisher":{"@id":"https:\/\/integralads.com\/#organization"},"image":{"@id":"https:\/\/integralads.com\/es\/insider\/ias-obtiene-la-primera-acreditacion-mrc-del-sector-para-impresiones-visibles-de-ctv\/#primaryimage"},"thumbnailUrl":"https:\/\/integralads.com\/wp-content\/uploads\/2023\/05\/CTV-MRC-Accreditation-860x860-1.jpeg","articleSection":["CTV &amp; V\u00eddeo"],"inLanguage":"es-ES"},{"@type":"WebPage","@id":"https:\/\/integralads.com\/es\/insider\/ias-obtiene-la-primera-acreditacion-mrc-del-sector-para-impresiones-visibles-de-ctv\/","url":"https:\/\/integralads.com\/es\/insider\/ias-obtiene-la-primera-acreditacion-mrc-del-sector-para-impresiones-visibles-de-ctv\/","name":"IAS obtiene la primera acreditaci\u00f3n MRC del sector para Impresiones Visibles De CTV - Integral Ad Science","isPartOf":{"@id":"https:\/\/integralads.com\/#website"},"primaryImageOfPage":{"@id":"https:\/\/integralads.com\/es\/insider\/ias-obtiene-la-primera-acreditacion-mrc-del-sector-para-impresiones-visibles-de-ctv\/#primaryimage"},"image":{"@id":"https:\/\/integralads.com\/es\/insider\/ias-obtiene-la-primera-acreditacion-mrc-del-sector-para-impresiones-visibles-de-ctv\/#primaryimage"},"thumbnailUrl":"https:\/\/integralads.com\/wp-content\/uploads\/2023\/05\/CTV-MRC-Accreditation-860x860-1.jpeg","datePublished":"2023-05-25T12:03:07+00:00","dateModified":"2023-12-15T13:46:25+00:00","breadcrumb":{"@id":"https:\/\/integralads.com\/es\/insider\/ias-obtiene-la-primera-acreditacion-mrc-del-sector-para-impresiones-visibles-de-ctv\/#breadcrumb"},"inLanguage":"es-ES","potentialAction":[{"@type":"ReadAction","target":["https:\/\/integralads.com\/es\/insider\/ias-obtiene-la-primera-acreditacion-mrc-del-sector-para-impresiones-visibles-de-ctv\/"]}]},{"@type":"ImageObject","inLanguage":"es-ES","@id":"https:\/\/integralads.com\/es\/insider\/ias-obtiene-la-primera-acreditacion-mrc-del-sector-para-impresiones-visibles-de-ctv\/#primaryimage","url":"https:\/\/integralads.com\/wp-content\/uploads\/2023\/05\/CTV-MRC-Accreditation-860x860-1.jpeg","contentUrl":"https:\/\/integralads.com\/wp-content\/uploads\/2023\/05\/CTV-MRC-Accreditation-860x860-1.jpeg","width":860,"height":860,"caption":"CTV-MRC-Accreditation"},{"@type":"BreadcrumbList","@id":"https:\/\/integralads.com\/es\/insider\/ias-obtiene-la-primera-acreditacion-mrc-del-sector-para-impresiones-visibles-de-ctv\/#breadcrumb","itemListElement":[{"@type":"ListItem","position":1,"name":"Home","item":"https:\/\/integralads.com\/es\/"},{"@type":"ListItem","position":2,"name":"IAS obtiene la primera acreditaci\u00f3n MRC del sector para Impresiones Visibles De CTV"}]},{"@type":"WebSite","@id":"https:\/\/integralads.com\/#website","url":"https:\/\/integralads.com\/","name":"Integral Ad Science","description":"The Hidden Cost of MFA Webinar","publisher":{"@id":"https:\/\/integralads.com\/#organization"},"potentialAction":[{"@type":"SearchAction","target":{"@type":"EntryPoint","urlTemplate":"https:\/\/integralads.com\/?s={search_term_string}"},"query-input":{"@type":"PropertyValueSpecification","valueRequired":true,"valueName":"search_term_string"}}],"inLanguage":"es-ES"},{"@type":"Organization","@id":"https:\/\/integralads.com\/#organization","name":"Integral Ad Science","url":"https:\/\/integralads.com\/","logo":{"@type":"ImageObject","inLanguage":"es-ES","@id":"https:\/\/integralads.com\/#\/schema\/logo\/image\/","url":"https:\/\/integralads.com\/wp-content\/uploads\/2023\/10\/IAS_Square-Logo-600x600-1.png","contentUrl":"https:\/\/integralads.com\/wp-content\/uploads\/2023\/10\/IAS_Square-Logo-600x600-1.png","width":600,"height":600,"caption":"Integral Ad Science"},"image":{"@id":"https:\/\/integralads.com\/#\/schema\/logo\/image\/"},"sameAs":["https:\/\/x.com\/integralads"]},{"@type":"Person","@id":"https:\/\/integralads.com\/#\/schema\/person\/dbee79df007713b5bab3127e3f349399","name":"IAS TEAM","image":{"@type":"ImageObject","inLanguage":"es-ES","@id":"https:\/\/secure.gravatar.com\/avatar\/255e04bda9c08f76d15834db86e6d973bed5d92c701c65e4e3781e74f8b79551?s=96&d=mm&r=g","url":"https:\/\/secure.gravatar.com\/avatar\/255e04bda9c08f76d15834db86e6d973bed5d92c701c65e4e3781e74f8b79551?s=96&d=mm&r=g","contentUrl":"https:\/\/secure.gravatar.com\/avatar\/255e04bda9c08f76d15834db86e6d973bed5d92c701c65e4e3781e74f8b79551?s=96&d=mm&r=g","caption":"IAS TEAM"},"description":"Lorem ipsum dolor sit amet, consectetur adipiscing elit, sed do eiusmod tempor incididunt ut labore et dolore magna aliqua. Ut enim ad minim veniam, quis nostrud exercitation ullamco laboris nisi ut aliquip ex ea commodo consequat. Duis aute irure dolor in reprehenderit in voluptate velit esse cillum dolore eu fugiat nulla pariatur. Excepteur sint occaecat cupidatat non proident, sunt in culpa qui officia deserunt mollit anim id est laborum.","sameAs":["https:\/\/integralads.com"],"jobTitle":"TEST","url":"https:\/\/integralads.com\/es\/insider\/author\/ias2023\/"}]}},"_links":{"self":[{"href":"https:\/\/integralads.com\/es\/wp-json\/wp\/v2\/posts\/326933","targetHints":{"allow":["GET"]}}],"collection":[{"href":"https:\/\/integralads.com\/es\/wp-json\/wp\/v2\/posts"}],"about":[{"href":"https:\/\/integralads.com\/es\/wp-json\/wp\/v2\/types\/post"}],"author":[{"embeddable":true,"href":"https:\/\/integralads.com\/es\/wp-json\/wp\/v2\/users\/1"}],"replies":[{"embeddable":true,"href":"https:\/\/integralads.com\/es\/wp-json\/wp\/v2\/comments?post=326933"}],"version-history":[{"count":0,"href":"https:\/\/integralads.com\/es\/wp-json\/wp\/v2\/posts\/326933\/revisions"}],"wp:featuredmedia":[{"embeddable":true,"href":"https:\/\/integralads.com\/es\/wp-json\/wp\/v2\/media\/318132"}],"wp:attachment":[{"href":"https:\/\/integralads.com\/es\/wp-json\/wp\/v2\/media?parent=326933"}],"wp:term":[{"taxonomy":"category","embeddable":true,"href":"https:\/\/integralads.com\/es\/wp-json\/wp\/v2\/categories?post=326933"},{"taxonomy":"post_tag","embeddable":true,"href":"https:\/\/integralads.com\/es\/wp-json\/wp\/v2\/tags?post=326933"}],"curies":[{"name":"wp","href":"https:\/\/api.w.org\/{rel}","templated":true}]}}