{"id":311879,"date":"2018-10-16T04:00:00","date_gmt":"2018-10-16T04:00:00","guid":{"rendered":"https:\/\/integralads.com\/insider\/re-mind-phd-duree-dexposition-et-efficacite-publicitaire\/"},"modified":"2023-08-30T14:16:08","modified_gmt":"2023-08-30T14:16:08","slug":"re-mind-phd-duree-dexposition-et-efficacite-publicitaire","status":"publish","type":"post","link":"https:\/\/integralads.com\/fr\/insider\/re-mind-phd-duree-dexposition-et-efficacite-publicitaire\/","title":{"rendered":"Re-Mind PHD : Dur\u00e9e d&#8217;exposition et efficacit\u00e9 publicitaire"},"content":{"rendered":"<p><span style=\"vertical-align: inherit;\"><span style=\"vertical-align: inherit;\"><span style=\"vertical-align: inherit;\"><span style=\"vertical-align: inherit;\"><span style=\"font-weight: 400;\"><strong>Jeremy Fritsch, Directeur des Op\u00e9rations Digitales chez Re-Mind PHD<\/strong> est intervenu \u00e0 notre 2<\/span><span style=\"font-weight: 400;\">\u00e8me<\/span><span style=\"font-weight: 400;\"> Summit IAS le 27 septembre 2018 pour nous parler de l\u2019impact du temps d\u2019exposition des publicit\u00e9s digitales sur l\u2019efficacit\u00e9 publicitaire. <\/span><\/p>\n<p><span style=\"font-weight: 400;\">Notre nouveau reporting, <strong>Time-in-view<\/strong>, lanc\u00e9 en juin 2018, permet de conna\u00eetre la dur\u00e9e d\u2019exposition des publicit\u00e9s visibles. Et Re-Mind PHD a commenc\u00e9 \u00e0 analyser son impact sur l\u2019efficacit\u00e9 publicitaire des campagnes. <\/span><\/p>\n<p><span style=\"font-weight: 400;\">Pour J\u00e9r\u00e9my Fritsch, Directeur des Op\u00e9rations Digitales chez Re-Mind PHD : <\/span><i><span style=\"font-weight: 400;\">\u00ab Plus on est fort sur la visibilit\u00e9 au standard march\u00e9 puis sur les indicateurs avanc\u00e9s disponibles dans l\u2019interface, plus on est fort en temps d\u2019exposition. Si on travaille bien chaque \u00e9tape, on maximise nos chances d\u2019\u00eatre bon sur l\u2019\u00e9tape d\u2019apr\u00e8s. Pour les annonceurs sur lesquels on a optimis\u00e9 ce temps d\u2019exposition, on constate une am\u00e9lioration des CPA qui peut aller jusqu\u2019\u00e0 \u00a030%. \u00bb<\/span><\/i><\/p>\n<p><strong>D\u00e9couvrez la suite de son intervention dans cette vid\u00e9o. <\/strong><\/p>\n<p><video poster=\"\/wp-content\/uploads\/2018\/10\/ias-phd-poster.png\" controls=\"controls\" width=\"100%\" height=\"auto\"><source src=\"https:\/\/1rcv0awxi6c1b9fs126qoddb-wpengine.netdna-ssl.com\/img\/2_RE-MIND_PHD_V3_prod.mp4\" type=\"video\/mp4\" \/>Your browser does not support the video tag.<\/video><\/span><\/span><\/span><\/span><\/p>\n","protected":false},"excerpt":{"rendered":"<p>Jeremy Fritsch, Directeur des Op\u00e9rations Digitales chez Re-Mind PHD est intervenu \u00e0 notre 2\u00e8me Summit IAS le 27 septembre 2018 pour nous parler de l\u2019impact du temps d\u2019exposition des publicit\u00e9s digitales sur l\u2019efficacit\u00e9 publicitaire. Notre nouveau reporting, Time-in-view, lanc\u00e9 en&#8230;<\/p>\n","protected":false},"author":1,"featured_media":294458,"comment_status":"closed","ping_status":"closed","sticky":false,"template":"","format":"standard","meta":{"_acf_changed":false,"footnotes":""},"categories":[448],"tags":[],"class_list":["post-311879","post","type-post","status-publish","format-standard","has-post-thumbnail","hentry","category-visibilite"],"acf":[],"yoast_head":"<!-- This site is optimized with the Yoast SEO Premium plugin v27.4 (Yoast SEO v27.4) - https:\/\/yoast.com\/product\/yoast-seo-premium-wordpress\/ -->\n<title>Re-Mind PHD : Dur\u00e9e d&#039;exposition et efficacit\u00e9 publicitaire - Integral Ad Science<\/title>\n<meta name=\"robots\" content=\"index, follow, max-snippet:-1, max-image-preview:large, max-video-preview:-1\" \/>\n<link rel=\"canonical\" href=\"https:\/\/integralads.com\/fr\/insider\/re-mind-phd-duree-dexposition-et-efficacite-publicitaire\/\" \/>\n<meta property=\"og:locale\" content=\"fr_FR\" \/>\n<meta property=\"og:type\" content=\"article\" \/>\n<meta property=\"og:title\" content=\"Re-Mind PHD : Dur\u00e9e d&#039;exposition et efficacit\u00e9 publicitaire\" \/>\n<meta property=\"og:description\" content=\"Jeremy Fritsch, Directeur des Op\u00e9rations Digitales chez Re-Mind PHD est intervenu \u00e0 notre 2\u00e8me Summit IAS le 27 septembre 2018 pour nous parler de l\u2019impact du temps d\u2019exposition des publicit\u00e9s digitales sur l\u2019efficacit\u00e9 publicitaire. Notre nouveau reporting, Time-in-view, lanc\u00e9 en...\" \/>\n<meta property=\"og:url\" content=\"https:\/\/integralads.com\/fr\/insider\/re-mind-phd-duree-dexposition-et-efficacite-publicitaire\/\" \/>\n<meta property=\"og:site_name\" content=\"Integral Ad Science\" \/>\n<meta property=\"article:published_time\" content=\"2018-10-16T04:00:00+00:00\" \/>\n<meta property=\"article:modified_time\" content=\"2023-08-30T14:16:08+00:00\" \/>\n<meta property=\"og:image\" content=\"https:\/\/integralads.com\/wp-content\/uploads\/2023\/06\/Jeremy-2.jpg\" \/>\n\t<meta property=\"og:image:width\" content=\"255\" \/>\n\t<meta property=\"og:image:height\" content=\"257\" \/>\n\t<meta property=\"og:image:type\" content=\"image\/jpeg\" \/>\n<meta name=\"author\" content=\"IAS TEAM\" \/>\n<meta name=\"twitter:card\" content=\"summary_large_image\" \/>\n<meta name=\"twitter:creator\" content=\"@integralads\" \/>\n<meta name=\"twitter:site\" content=\"@integralads\" \/>\n<meta name=\"twitter:label1\" content=\"Written by\" \/>\n\t<meta name=\"twitter:data1\" content=\"IAS TEAM\" \/>\n\t<meta name=\"twitter:label2\" content=\"Est. reading time\" \/>\n\t<meta name=\"twitter:data2\" content=\"1 minute\" \/>\n<script type=\"application\/ld+json\" class=\"yoast-schema-graph\">{\"@context\":\"https:\\\/\\\/schema.org\",\"@graph\":[{\"@type\":\"Article\",\"@id\":\"https:\\\/\\\/integralads.com\\\/fr\\\/insider\\\/re-mind-phd-duree-dexposition-et-efficacite-publicitaire\\\/#article\",\"isPartOf\":{\"@id\":\"https:\\\/\\\/integralads.com\\\/fr\\\/insider\\\/re-mind-phd-duree-dexposition-et-efficacite-publicitaire\\\/\"},\"author\":{\"name\":\"IAS TEAM\",\"@id\":\"https:\\\/\\\/integralads.com\\\/#\\\/schema\\\/person\\\/dbee79df007713b5bab3127e3f349399\"},\"headline\":\"Re-Mind PHD : Dur\u00e9e d&#8217;exposition et efficacit\u00e9 publicitaire\",\"datePublished\":\"2018-10-16T04:00:00+00:00\",\"dateModified\":\"2023-08-30T14:16:08+00:00\",\"mainEntityOfPage\":{\"@id\":\"https:\\\/\\\/integralads.com\\\/fr\\\/insider\\\/re-mind-phd-duree-dexposition-et-efficacite-publicitaire\\\/\"},\"wordCount\":180,\"publisher\":{\"@id\":\"https:\\\/\\\/integralads.com\\\/#organization\"},\"image\":{\"@id\":\"https:\\\/\\\/integralads.com\\\/fr\\\/insider\\\/re-mind-phd-duree-dexposition-et-efficacite-publicitaire\\\/#primaryimage\"},\"thumbnailUrl\":\"https:\\\/\\\/integralads.com\\\/wp-content\\\/uploads\\\/2023\\\/06\\\/Jeremy-2.jpg\",\"articleSection\":[\"Visibilit\u00e9\"],\"inLanguage\":\"fr-FR\"},{\"@type\":\"WebPage\",\"@id\":\"https:\\\/\\\/integralads.com\\\/fr\\\/insider\\\/re-mind-phd-duree-dexposition-et-efficacite-publicitaire\\\/\",\"url\":\"https:\\\/\\\/integralads.com\\\/fr\\\/insider\\\/re-mind-phd-duree-dexposition-et-efficacite-publicitaire\\\/\",\"name\":\"Re-Mind PHD : Dur\u00e9e d'exposition et efficacit\u00e9 publicitaire - Integral Ad Science\",\"isPartOf\":{\"@id\":\"https:\\\/\\\/integralads.com\\\/#website\"},\"primaryImageOfPage\":{\"@id\":\"https:\\\/\\\/integralads.com\\\/fr\\\/insider\\\/re-mind-phd-duree-dexposition-et-efficacite-publicitaire\\\/#primaryimage\"},\"image\":{\"@id\":\"https:\\\/\\\/integralads.com\\\/fr\\\/insider\\\/re-mind-phd-duree-dexposition-et-efficacite-publicitaire\\\/#primaryimage\"},\"thumbnailUrl\":\"https:\\\/\\\/integralads.com\\\/wp-content\\\/uploads\\\/2023\\\/06\\\/Jeremy-2.jpg\",\"datePublished\":\"2018-10-16T04:00:00+00:00\",\"dateModified\":\"2023-08-30T14:16:08+00:00\",\"breadcrumb\":{\"@id\":\"https:\\\/\\\/integralads.com\\\/fr\\\/insider\\\/re-mind-phd-duree-dexposition-et-efficacite-publicitaire\\\/#breadcrumb\"},\"inLanguage\":\"fr-FR\",\"potentialAction\":[{\"@type\":\"ReadAction\",\"target\":[\"https:\\\/\\\/integralads.com\\\/fr\\\/insider\\\/re-mind-phd-duree-dexposition-et-efficacite-publicitaire\\\/\"]}]},{\"@type\":\"ImageObject\",\"inLanguage\":\"fr-FR\",\"@id\":\"https:\\\/\\\/integralads.com\\\/fr\\\/insider\\\/re-mind-phd-duree-dexposition-et-efficacite-publicitaire\\\/#primaryimage\",\"url\":\"https:\\\/\\\/integralads.com\\\/wp-content\\\/uploads\\\/2023\\\/06\\\/Jeremy-2.jpg\",\"contentUrl\":\"https:\\\/\\\/integralads.com\\\/wp-content\\\/uploads\\\/2023\\\/06\\\/Jeremy-2.jpg\",\"width\":255,\"height\":257},{\"@type\":\"BreadcrumbList\",\"@id\":\"https:\\\/\\\/integralads.com\\\/fr\\\/insider\\\/re-mind-phd-duree-dexposition-et-efficacite-publicitaire\\\/#breadcrumb\",\"itemListElement\":[{\"@type\":\"ListItem\",\"position\":1,\"name\":\"Home\",\"item\":\"https:\\\/\\\/integralads.com\\\/fr\\\/\"},{\"@type\":\"ListItem\",\"position\":2,\"name\":\"Re-Mind PHD : Dur\u00e9e d&#8217;exposition et efficacit\u00e9 publicitaire\"}]},{\"@type\":\"WebSite\",\"@id\":\"https:\\\/\\\/integralads.com\\\/#website\",\"url\":\"https:\\\/\\\/integralads.com\\\/\",\"name\":\"Integral Ad Science\",\"description\":\"The Hidden Cost of MFA Webinar\",\"publisher\":{\"@id\":\"https:\\\/\\\/integralads.com\\\/#organization\"},\"potentialAction\":[{\"@type\":\"SearchAction\",\"target\":{\"@type\":\"EntryPoint\",\"urlTemplate\":\"https:\\\/\\\/integralads.com\\\/?s={search_term_string}\"},\"query-input\":{\"@type\":\"PropertyValueSpecification\",\"valueRequired\":true,\"valueName\":\"search_term_string\"}}],\"inLanguage\":\"fr-FR\"},{\"@type\":\"Organization\",\"@id\":\"https:\\\/\\\/integralads.com\\\/#organization\",\"name\":\"Integral Ad Science\",\"url\":\"https:\\\/\\\/integralads.com\\\/\",\"logo\":{\"@type\":\"ImageObject\",\"inLanguage\":\"fr-FR\",\"@id\":\"https:\\\/\\\/integralads.com\\\/#\\\/schema\\\/logo\\\/image\\\/\",\"url\":\"https:\\\/\\\/integralads.com\\\/wp-content\\\/uploads\\\/2023\\\/10\\\/IAS_Square-Logo-600x600-1.png\",\"contentUrl\":\"https:\\\/\\\/integralads.com\\\/wp-content\\\/uploads\\\/2023\\\/10\\\/IAS_Square-Logo-600x600-1.png\",\"width\":600,\"height\":600,\"caption\":\"Integral Ad Science\"},\"image\":{\"@id\":\"https:\\\/\\\/integralads.com\\\/#\\\/schema\\\/logo\\\/image\\\/\"},\"sameAs\":[\"https:\\\/\\\/x.com\\\/integralads\"]},{\"@type\":\"Person\",\"@id\":\"https:\\\/\\\/integralads.com\\\/#\\\/schema\\\/person\\\/dbee79df007713b5bab3127e3f349399\",\"name\":\"IAS TEAM\",\"image\":{\"@type\":\"ImageObject\",\"inLanguage\":\"fr-FR\",\"@id\":\"https:\\\/\\\/secure.gravatar.com\\\/avatar\\\/255e04bda9c08f76d15834db86e6d973bed5d92c701c65e4e3781e74f8b79551?s=96&d=mm&r=g\",\"url\":\"https:\\\/\\\/secure.gravatar.com\\\/avatar\\\/255e04bda9c08f76d15834db86e6d973bed5d92c701c65e4e3781e74f8b79551?s=96&d=mm&r=g\",\"contentUrl\":\"https:\\\/\\\/secure.gravatar.com\\\/avatar\\\/255e04bda9c08f76d15834db86e6d973bed5d92c701c65e4e3781e74f8b79551?s=96&d=mm&r=g\",\"caption\":\"IAS TEAM\"},\"description\":\"Lorem ipsum dolor sit amet, consectetur adipiscing elit, sed do eiusmod tempor incididunt ut labore et dolore magna aliqua. Ut enim ad minim veniam, quis nostrud exercitation ullamco laboris nisi ut aliquip ex ea commodo consequat. Duis aute irure dolor in reprehenderit in voluptate velit esse cillum dolore eu fugiat nulla pariatur. Excepteur sint occaecat cupidatat non proident, sunt in culpa qui officia deserunt mollit anim id est laborum.\",\"sameAs\":[\"https:\\\/\\\/integralads.com\"],\"jobTitle\":\"TEST\",\"url\":\"https:\\\/\\\/integralads.com\\\/fr\\\/insider\\\/author\\\/ias2023\\\/\"}]}<\/script>\n<!-- \/ Yoast SEO Premium plugin. -->","yoast_head_json":{"title":"Re-Mind PHD : Dur\u00e9e d'exposition et efficacit\u00e9 publicitaire - Integral Ad Science","robots":{"index":"index","follow":"follow","max-snippet":"max-snippet:-1","max-image-preview":"max-image-preview:large","max-video-preview":"max-video-preview:-1"},"canonical":"https:\/\/integralads.com\/fr\/insider\/re-mind-phd-duree-dexposition-et-efficacite-publicitaire\/","og_locale":"fr_FR","og_type":"article","og_title":"Re-Mind PHD : Dur\u00e9e d'exposition et efficacit\u00e9 publicitaire","og_description":"Jeremy Fritsch, Directeur des Op\u00e9rations Digitales chez Re-Mind PHD est intervenu \u00e0 notre 2\u00e8me Summit IAS le 27 septembre 2018 pour nous parler de l\u2019impact du temps d\u2019exposition des publicit\u00e9s digitales sur l\u2019efficacit\u00e9 publicitaire. Notre nouveau reporting, Time-in-view, lanc\u00e9 en...","og_url":"https:\/\/integralads.com\/fr\/insider\/re-mind-phd-duree-dexposition-et-efficacite-publicitaire\/","og_site_name":"Integral Ad Science","article_published_time":"2018-10-16T04:00:00+00:00","article_modified_time":"2023-08-30T14:16:08+00:00","og_image":[{"width":255,"height":257,"url":"https:\/\/integralads.com\/wp-content\/uploads\/2023\/06\/Jeremy-2.jpg","type":"image\/jpeg"}],"author":"IAS TEAM","twitter_card":"summary_large_image","twitter_creator":"@integralads","twitter_site":"@integralads","twitter_misc":{"Written by":"IAS TEAM","Est. reading time":"1 minute"},"schema":{"@context":"https:\/\/schema.org","@graph":[{"@type":"Article","@id":"https:\/\/integralads.com\/fr\/insider\/re-mind-phd-duree-dexposition-et-efficacite-publicitaire\/#article","isPartOf":{"@id":"https:\/\/integralads.com\/fr\/insider\/re-mind-phd-duree-dexposition-et-efficacite-publicitaire\/"},"author":{"name":"IAS TEAM","@id":"https:\/\/integralads.com\/#\/schema\/person\/dbee79df007713b5bab3127e3f349399"},"headline":"Re-Mind PHD : Dur\u00e9e d&#8217;exposition et efficacit\u00e9 publicitaire","datePublished":"2018-10-16T04:00:00+00:00","dateModified":"2023-08-30T14:16:08+00:00","mainEntityOfPage":{"@id":"https:\/\/integralads.com\/fr\/insider\/re-mind-phd-duree-dexposition-et-efficacite-publicitaire\/"},"wordCount":180,"publisher":{"@id":"https:\/\/integralads.com\/#organization"},"image":{"@id":"https:\/\/integralads.com\/fr\/insider\/re-mind-phd-duree-dexposition-et-efficacite-publicitaire\/#primaryimage"},"thumbnailUrl":"https:\/\/integralads.com\/wp-content\/uploads\/2023\/06\/Jeremy-2.jpg","articleSection":["Visibilit\u00e9"],"inLanguage":"fr-FR"},{"@type":"WebPage","@id":"https:\/\/integralads.com\/fr\/insider\/re-mind-phd-duree-dexposition-et-efficacite-publicitaire\/","url":"https:\/\/integralads.com\/fr\/insider\/re-mind-phd-duree-dexposition-et-efficacite-publicitaire\/","name":"Re-Mind PHD : Dur\u00e9e d'exposition et efficacit\u00e9 publicitaire - Integral Ad Science","isPartOf":{"@id":"https:\/\/integralads.com\/#website"},"primaryImageOfPage":{"@id":"https:\/\/integralads.com\/fr\/insider\/re-mind-phd-duree-dexposition-et-efficacite-publicitaire\/#primaryimage"},"image":{"@id":"https:\/\/integralads.com\/fr\/insider\/re-mind-phd-duree-dexposition-et-efficacite-publicitaire\/#primaryimage"},"thumbnailUrl":"https:\/\/integralads.com\/wp-content\/uploads\/2023\/06\/Jeremy-2.jpg","datePublished":"2018-10-16T04:00:00+00:00","dateModified":"2023-08-30T14:16:08+00:00","breadcrumb":{"@id":"https:\/\/integralads.com\/fr\/insider\/re-mind-phd-duree-dexposition-et-efficacite-publicitaire\/#breadcrumb"},"inLanguage":"fr-FR","potentialAction":[{"@type":"ReadAction","target":["https:\/\/integralads.com\/fr\/insider\/re-mind-phd-duree-dexposition-et-efficacite-publicitaire\/"]}]},{"@type":"ImageObject","inLanguage":"fr-FR","@id":"https:\/\/integralads.com\/fr\/insider\/re-mind-phd-duree-dexposition-et-efficacite-publicitaire\/#primaryimage","url":"https:\/\/integralads.com\/wp-content\/uploads\/2023\/06\/Jeremy-2.jpg","contentUrl":"https:\/\/integralads.com\/wp-content\/uploads\/2023\/06\/Jeremy-2.jpg","width":255,"height":257},{"@type":"BreadcrumbList","@id":"https:\/\/integralads.com\/fr\/insider\/re-mind-phd-duree-dexposition-et-efficacite-publicitaire\/#breadcrumb","itemListElement":[{"@type":"ListItem","position":1,"name":"Home","item":"https:\/\/integralads.com\/fr\/"},{"@type":"ListItem","position":2,"name":"Re-Mind PHD : Dur\u00e9e d&#8217;exposition et efficacit\u00e9 publicitaire"}]},{"@type":"WebSite","@id":"https:\/\/integralads.com\/#website","url":"https:\/\/integralads.com\/","name":"Integral Ad Science","description":"The Hidden Cost of MFA Webinar","publisher":{"@id":"https:\/\/integralads.com\/#organization"},"potentialAction":[{"@type":"SearchAction","target":{"@type":"EntryPoint","urlTemplate":"https:\/\/integralads.com\/?s={search_term_string}"},"query-input":{"@type":"PropertyValueSpecification","valueRequired":true,"valueName":"search_term_string"}}],"inLanguage":"fr-FR"},{"@type":"Organization","@id":"https:\/\/integralads.com\/#organization","name":"Integral Ad Science","url":"https:\/\/integralads.com\/","logo":{"@type":"ImageObject","inLanguage":"fr-FR","@id":"https:\/\/integralads.com\/#\/schema\/logo\/image\/","url":"https:\/\/integralads.com\/wp-content\/uploads\/2023\/10\/IAS_Square-Logo-600x600-1.png","contentUrl":"https:\/\/integralads.com\/wp-content\/uploads\/2023\/10\/IAS_Square-Logo-600x600-1.png","width":600,"height":600,"caption":"Integral Ad Science"},"image":{"@id":"https:\/\/integralads.com\/#\/schema\/logo\/image\/"},"sameAs":["https:\/\/x.com\/integralads"]},{"@type":"Person","@id":"https:\/\/integralads.com\/#\/schema\/person\/dbee79df007713b5bab3127e3f349399","name":"IAS TEAM","image":{"@type":"ImageObject","inLanguage":"fr-FR","@id":"https:\/\/secure.gravatar.com\/avatar\/255e04bda9c08f76d15834db86e6d973bed5d92c701c65e4e3781e74f8b79551?s=96&d=mm&r=g","url":"https:\/\/secure.gravatar.com\/avatar\/255e04bda9c08f76d15834db86e6d973bed5d92c701c65e4e3781e74f8b79551?s=96&d=mm&r=g","contentUrl":"https:\/\/secure.gravatar.com\/avatar\/255e04bda9c08f76d15834db86e6d973bed5d92c701c65e4e3781e74f8b79551?s=96&d=mm&r=g","caption":"IAS TEAM"},"description":"Lorem ipsum dolor sit amet, consectetur adipiscing elit, sed do eiusmod tempor incididunt ut labore et dolore magna aliqua. Ut enim ad minim veniam, quis nostrud exercitation ullamco laboris nisi ut aliquip ex ea commodo consequat. Duis aute irure dolor in reprehenderit in voluptate velit esse cillum dolore eu fugiat nulla pariatur. Excepteur sint occaecat cupidatat non proident, sunt in culpa qui officia deserunt mollit anim id est laborum.","sameAs":["https:\/\/integralads.com"],"jobTitle":"TEST","url":"https:\/\/integralads.com\/fr\/insider\/author\/ias2023\/"}]}},"_links":{"self":[{"href":"https:\/\/integralads.com\/fr\/wp-json\/wp\/v2\/posts\/311879","targetHints":{"allow":["GET"]}}],"collection":[{"href":"https:\/\/integralads.com\/fr\/wp-json\/wp\/v2\/posts"}],"about":[{"href":"https:\/\/integralads.com\/fr\/wp-json\/wp\/v2\/types\/post"}],"author":[{"embeddable":true,"href":"https:\/\/integralads.com\/fr\/wp-json\/wp\/v2\/users\/1"}],"replies":[{"embeddable":true,"href":"https:\/\/integralads.com\/fr\/wp-json\/wp\/v2\/comments?post=311879"}],"version-history":[{"count":0,"href":"https:\/\/integralads.com\/fr\/wp-json\/wp\/v2\/posts\/311879\/revisions"}],"wp:featuredmedia":[{"embeddable":true,"href":"https:\/\/integralads.com\/fr\/wp-json\/wp\/v2\/media\/294458"}],"wp:attachment":[{"href":"https:\/\/integralads.com\/fr\/wp-json\/wp\/v2\/media?parent=311879"}],"wp:term":[{"taxonomy":"category","embeddable":true,"href":"https:\/\/integralads.com\/fr\/wp-json\/wp\/v2\/categories?post=311879"},{"taxonomy":"post_tag","embeddable":true,"href":"https:\/\/integralads.com\/fr\/wp-json\/wp\/v2\/tags?post=311879"}],"curies":[{"name":"wp","href":"https:\/\/api.w.org\/{rel}","templated":true}]}}