{"id":311892,"date":"2019-05-28T04:00:00","date_gmt":"2019-05-28T04:00:00","guid":{"rendered":"https:\/\/integralads.com\/insider\/yann-le-roux-invite-de-techco-sur-bfm-business\/"},"modified":"2023-08-30T14:07:38","modified_gmt":"2023-08-30T14:07:38","slug":"yann-le-roux-invite-de-techco-sur-bfm-business","status":"publish","type":"post","link":"https:\/\/integralads.com\/fr\/insider\/yann-le-roux-invite-de-techco-sur-bfm-business\/","title":{"rendered":"Yann Le Roux invit\u00e9 de Tech&#038;Co sur BFM Business"},"content":{"rendered":"<p><span style=\"vertical-align: inherit;\"><span style=\"vertical-align: inherit;\"><span style=\"vertical-align: inherit;\"><span style=\"vertical-align: inherit;\">Yann Le Roux, notre DG Europe du Sud, \u00e9tait l&#8217;invit\u00e9 de S\u00e9bastien Couasnon \u00e0 l&#8217;\u00e9mission Tech&amp;Co sur BFM Business. Il y commente les derniers r\u00e9sultats de notre barom\u00e8tre et explique notamment le d\u00e9fi de la visibilit\u00e9 en univers mobile \u00e0 l\u2019heure o\u00f9 celui-ci repr\u00e9sente 60% des investissements publicitaires digitaux.<\/p>\n<div style=\"display: block; position: relative;\">\n<div style=\"padding-top: 56.25%;\"><iframe style=\"width: 100%; height: 100%; position: absolute; top: 0px; bottom: 0px; right: 0px; left: 0px; border: none;\" src=\"https:\/\/www.bfmtv.com\/static\/nxt-video\/embed-playerBridge.html?video=6036564845001&amp;account=876450612001\" allowfullscreen=\"allowfullscreen\"><\/iframe><\/div>\n<\/div>\n<p><\/span><\/span><\/span><\/span><\/p>\n","protected":false},"excerpt":{"rendered":"<p>Yann Le Roux, notre DG Europe du Sud, \u00e9tait l&#8217;invit\u00e9 de S\u00e9bastien Couasnon \u00e0 l&#8217;\u00e9mission Tech&amp;Co sur BFM Business. Il y commente les derniers r\u00e9sultats de notre barom\u00e8tre et explique notamment le d\u00e9fi de la visibilit\u00e9 en univers mobile \u00e0&#8230;<\/p>\n","protected":false},"author":1,"featured_media":294684,"comment_status":"closed","ping_status":"closed","sticky":false,"template":"","format":"standard","meta":{"_acf_changed":false,"footnotes":""},"categories":[444,445,449,448],"tags":[],"class_list":["post-311892","post","type-post","status-publish","format-standard","has-post-thumbnail","hentry","category-brand-safety-suitability-fr","category-fraude-publicitaire","category-mobile-et-applications","category-visibilite"],"acf":[],"yoast_head":"<!-- This site is optimized with the Yoast SEO Premium plugin v27.4 (Yoast SEO v27.4) - https:\/\/yoast.com\/product\/yoast-seo-premium-wordpress\/ -->\n<title>Yann Le Roux invit\u00e9 de Tech&amp;Co sur BFM Business - Integral Ad Science<\/title>\n<meta name=\"robots\" content=\"index, follow, max-snippet:-1, max-image-preview:large, max-video-preview:-1\" \/>\n<link rel=\"canonical\" href=\"https:\/\/integralads.com\/fr\/insider\/yann-le-roux-invite-de-techco-sur-bfm-business\/\" \/>\n<meta property=\"og:locale\" content=\"fr_FR\" \/>\n<meta property=\"og:type\" content=\"article\" \/>\n<meta property=\"og:title\" content=\"Yann Le Roux invit\u00e9 de Tech&amp;Co sur BFM Business\" \/>\n<meta property=\"og:description\" content=\"Yann Le Roux, notre DG Europe du Sud, \u00e9tait l&#8217;invit\u00e9 de S\u00e9bastien Couasnon \u00e0 l&#8217;\u00e9mission Tech&amp;Co sur BFM Business. Il y commente les derniers r\u00e9sultats de notre barom\u00e8tre et explique notamment le d\u00e9fi de la visibilit\u00e9 en univers mobile \u00e0...\" \/>\n<meta property=\"og:url\" content=\"https:\/\/integralads.com\/fr\/insider\/yann-le-roux-invite-de-techco-sur-bfm-business\/\" \/>\n<meta property=\"og:site_name\" content=\"Integral Ad Science\" \/>\n<meta property=\"article:published_time\" content=\"2019-05-28T04:00:00+00:00\" \/>\n<meta property=\"article:modified_time\" content=\"2023-08-30T14:07:38+00:00\" \/>\n<meta property=\"og:image\" content=\"https:\/\/integralads.com\/wp-content\/uploads\/2023\/06\/bfm_yann-760x760-1.jpg\" \/>\n\t<meta property=\"og:image:width\" content=\"760\" \/>\n\t<meta property=\"og:image:height\" content=\"760\" \/>\n\t<meta property=\"og:image:type\" content=\"image\/jpeg\" \/>\n<meta name=\"author\" content=\"IAS TEAM\" \/>\n<meta name=\"twitter:card\" content=\"summary_large_image\" \/>\n<meta name=\"twitter:creator\" content=\"@integralads\" \/>\n<meta name=\"twitter:site\" content=\"@integralads\" \/>\n<meta name=\"twitter:label1\" content=\"Written by\" \/>\n\t<meta name=\"twitter:data1\" content=\"IAS TEAM\" \/>\n<script type=\"application\/ld+json\" class=\"yoast-schema-graph\">{\"@context\":\"https:\\\/\\\/schema.org\",\"@graph\":[{\"@type\":\"Article\",\"@id\":\"https:\\\/\\\/integralads.com\\\/fr\\\/insider\\\/yann-le-roux-invite-de-techco-sur-bfm-business\\\/#article\",\"isPartOf\":{\"@id\":\"https:\\\/\\\/integralads.com\\\/fr\\\/insider\\\/yann-le-roux-invite-de-techco-sur-bfm-business\\\/\"},\"author\":{\"name\":\"IAS TEAM\",\"@id\":\"https:\\\/\\\/integralads.com\\\/#\\\/schema\\\/person\\\/dbee79df007713b5bab3127e3f349399\"},\"headline\":\"Yann Le Roux invit\u00e9 de Tech&#038;Co sur BFM Business\",\"datePublished\":\"2019-05-28T04:00:00+00:00\",\"dateModified\":\"2023-08-30T14:07:38+00:00\",\"mainEntityOfPage\":{\"@id\":\"https:\\\/\\\/integralads.com\\\/fr\\\/insider\\\/yann-le-roux-invite-de-techco-sur-bfm-business\\\/\"},\"wordCount\":65,\"publisher\":{\"@id\":\"https:\\\/\\\/integralads.com\\\/#organization\"},\"image\":{\"@id\":\"https:\\\/\\\/integralads.com\\\/fr\\\/insider\\\/yann-le-roux-invite-de-techco-sur-bfm-business\\\/#primaryimage\"},\"thumbnailUrl\":\"https:\\\/\\\/integralads.com\\\/wp-content\\\/uploads\\\/2023\\\/06\\\/bfm_yann-760x760-1.jpg\",\"articleSection\":[\"Brand Safety &amp; Suitability\",\"Fraude publicitaire\",\"Mobile et applications\",\"Visibilit\u00e9\"],\"inLanguage\":\"fr-FR\"},{\"@type\":\"WebPage\",\"@id\":\"https:\\\/\\\/integralads.com\\\/fr\\\/insider\\\/yann-le-roux-invite-de-techco-sur-bfm-business\\\/\",\"url\":\"https:\\\/\\\/integralads.com\\\/fr\\\/insider\\\/yann-le-roux-invite-de-techco-sur-bfm-business\\\/\",\"name\":\"Yann Le Roux invit\u00e9 de Tech&Co sur BFM Business - Integral Ad Science\",\"isPartOf\":{\"@id\":\"https:\\\/\\\/integralads.com\\\/#website\"},\"primaryImageOfPage\":{\"@id\":\"https:\\\/\\\/integralads.com\\\/fr\\\/insider\\\/yann-le-roux-invite-de-techco-sur-bfm-business\\\/#primaryimage\"},\"image\":{\"@id\":\"https:\\\/\\\/integralads.com\\\/fr\\\/insider\\\/yann-le-roux-invite-de-techco-sur-bfm-business\\\/#primaryimage\"},\"thumbnailUrl\":\"https:\\\/\\\/integralads.com\\\/wp-content\\\/uploads\\\/2023\\\/06\\\/bfm_yann-760x760-1.jpg\",\"datePublished\":\"2019-05-28T04:00:00+00:00\",\"dateModified\":\"2023-08-30T14:07:38+00:00\",\"breadcrumb\":{\"@id\":\"https:\\\/\\\/integralads.com\\\/fr\\\/insider\\\/yann-le-roux-invite-de-techco-sur-bfm-business\\\/#breadcrumb\"},\"inLanguage\":\"fr-FR\",\"potentialAction\":[{\"@type\":\"ReadAction\",\"target\":[\"https:\\\/\\\/integralads.com\\\/fr\\\/insider\\\/yann-le-roux-invite-de-techco-sur-bfm-business\\\/\"]}]},{\"@type\":\"ImageObject\",\"inLanguage\":\"fr-FR\",\"@id\":\"https:\\\/\\\/integralads.com\\\/fr\\\/insider\\\/yann-le-roux-invite-de-techco-sur-bfm-business\\\/#primaryimage\",\"url\":\"https:\\\/\\\/integralads.com\\\/wp-content\\\/uploads\\\/2023\\\/06\\\/bfm_yann-760x760-1.jpg\",\"contentUrl\":\"https:\\\/\\\/integralads.com\\\/wp-content\\\/uploads\\\/2023\\\/06\\\/bfm_yann-760x760-1.jpg\",\"width\":760,\"height\":760},{\"@type\":\"BreadcrumbList\",\"@id\":\"https:\\\/\\\/integralads.com\\\/fr\\\/insider\\\/yann-le-roux-invite-de-techco-sur-bfm-business\\\/#breadcrumb\",\"itemListElement\":[{\"@type\":\"ListItem\",\"position\":1,\"name\":\"Home\",\"item\":\"https:\\\/\\\/integralads.com\\\/fr\\\/\"},{\"@type\":\"ListItem\",\"position\":2,\"name\":\"Yann Le Roux invit\u00e9 de Tech&#038;Co sur BFM Business\"}]},{\"@type\":\"WebSite\",\"@id\":\"https:\\\/\\\/integralads.com\\\/#website\",\"url\":\"https:\\\/\\\/integralads.com\\\/\",\"name\":\"Integral Ad Science\",\"description\":\"The Hidden Cost of MFA Webinar\",\"publisher\":{\"@id\":\"https:\\\/\\\/integralads.com\\\/#organization\"},\"potentialAction\":[{\"@type\":\"SearchAction\",\"target\":{\"@type\":\"EntryPoint\",\"urlTemplate\":\"https:\\\/\\\/integralads.com\\\/?s={search_term_string}\"},\"query-input\":{\"@type\":\"PropertyValueSpecification\",\"valueRequired\":true,\"valueName\":\"search_term_string\"}}],\"inLanguage\":\"fr-FR\"},{\"@type\":\"Organization\",\"@id\":\"https:\\\/\\\/integralads.com\\\/#organization\",\"name\":\"Integral Ad Science\",\"url\":\"https:\\\/\\\/integralads.com\\\/\",\"logo\":{\"@type\":\"ImageObject\",\"inLanguage\":\"fr-FR\",\"@id\":\"https:\\\/\\\/integralads.com\\\/#\\\/schema\\\/logo\\\/image\\\/\",\"url\":\"https:\\\/\\\/integralads.com\\\/wp-content\\\/uploads\\\/2023\\\/10\\\/IAS_Square-Logo-600x600-1.png\",\"contentUrl\":\"https:\\\/\\\/integralads.com\\\/wp-content\\\/uploads\\\/2023\\\/10\\\/IAS_Square-Logo-600x600-1.png\",\"width\":600,\"height\":600,\"caption\":\"Integral Ad Science\"},\"image\":{\"@id\":\"https:\\\/\\\/integralads.com\\\/#\\\/schema\\\/logo\\\/image\\\/\"},\"sameAs\":[\"https:\\\/\\\/x.com\\\/integralads\"]},{\"@type\":\"Person\",\"@id\":\"https:\\\/\\\/integralads.com\\\/#\\\/schema\\\/person\\\/dbee79df007713b5bab3127e3f349399\",\"name\":\"IAS TEAM\",\"image\":{\"@type\":\"ImageObject\",\"inLanguage\":\"fr-FR\",\"@id\":\"https:\\\/\\\/secure.gravatar.com\\\/avatar\\\/255e04bda9c08f76d15834db86e6d973bed5d92c701c65e4e3781e74f8b79551?s=96&d=mm&r=g\",\"url\":\"https:\\\/\\\/secure.gravatar.com\\\/avatar\\\/255e04bda9c08f76d15834db86e6d973bed5d92c701c65e4e3781e74f8b79551?s=96&d=mm&r=g\",\"contentUrl\":\"https:\\\/\\\/secure.gravatar.com\\\/avatar\\\/255e04bda9c08f76d15834db86e6d973bed5d92c701c65e4e3781e74f8b79551?s=96&d=mm&r=g\",\"caption\":\"IAS TEAM\"},\"description\":\"Lorem ipsum dolor sit amet, consectetur adipiscing elit, sed do eiusmod tempor incididunt ut labore et dolore magna aliqua. Ut enim ad minim veniam, quis nostrud exercitation ullamco laboris nisi ut aliquip ex ea commodo consequat. Duis aute irure dolor in reprehenderit in voluptate velit esse cillum dolore eu fugiat nulla pariatur. Excepteur sint occaecat cupidatat non proident, sunt in culpa qui officia deserunt mollit anim id est laborum.\",\"sameAs\":[\"https:\\\/\\\/integralads.com\"],\"jobTitle\":\"TEST\",\"url\":\"https:\\\/\\\/integralads.com\\\/fr\\\/insider\\\/author\\\/ias2023\\\/\"}]}<\/script>\n<!-- \/ Yoast SEO Premium plugin. -->","yoast_head_json":{"title":"Yann Le Roux invit\u00e9 de Tech&Co sur BFM Business - Integral Ad Science","robots":{"index":"index","follow":"follow","max-snippet":"max-snippet:-1","max-image-preview":"max-image-preview:large","max-video-preview":"max-video-preview:-1"},"canonical":"https:\/\/integralads.com\/fr\/insider\/yann-le-roux-invite-de-techco-sur-bfm-business\/","og_locale":"fr_FR","og_type":"article","og_title":"Yann Le Roux invit\u00e9 de Tech&Co sur BFM Business","og_description":"Yann Le Roux, notre DG Europe du Sud, \u00e9tait l&#8217;invit\u00e9 de S\u00e9bastien Couasnon \u00e0 l&#8217;\u00e9mission Tech&amp;Co sur BFM Business. Il y commente les derniers r\u00e9sultats de notre barom\u00e8tre et explique notamment le d\u00e9fi de la visibilit\u00e9 en univers mobile \u00e0...","og_url":"https:\/\/integralads.com\/fr\/insider\/yann-le-roux-invite-de-techco-sur-bfm-business\/","og_site_name":"Integral Ad Science","article_published_time":"2019-05-28T04:00:00+00:00","article_modified_time":"2023-08-30T14:07:38+00:00","og_image":[{"width":760,"height":760,"url":"https:\/\/integralads.com\/wp-content\/uploads\/2023\/06\/bfm_yann-760x760-1.jpg","type":"image\/jpeg"}],"author":"IAS TEAM","twitter_card":"summary_large_image","twitter_creator":"@integralads","twitter_site":"@integralads","twitter_misc":{"Written by":"IAS TEAM"},"schema":{"@context":"https:\/\/schema.org","@graph":[{"@type":"Article","@id":"https:\/\/integralads.com\/fr\/insider\/yann-le-roux-invite-de-techco-sur-bfm-business\/#article","isPartOf":{"@id":"https:\/\/integralads.com\/fr\/insider\/yann-le-roux-invite-de-techco-sur-bfm-business\/"},"author":{"name":"IAS TEAM","@id":"https:\/\/integralads.com\/#\/schema\/person\/dbee79df007713b5bab3127e3f349399"},"headline":"Yann Le Roux invit\u00e9 de Tech&#038;Co sur BFM Business","datePublished":"2019-05-28T04:00:00+00:00","dateModified":"2023-08-30T14:07:38+00:00","mainEntityOfPage":{"@id":"https:\/\/integralads.com\/fr\/insider\/yann-le-roux-invite-de-techco-sur-bfm-business\/"},"wordCount":65,"publisher":{"@id":"https:\/\/integralads.com\/#organization"},"image":{"@id":"https:\/\/integralads.com\/fr\/insider\/yann-le-roux-invite-de-techco-sur-bfm-business\/#primaryimage"},"thumbnailUrl":"https:\/\/integralads.com\/wp-content\/uploads\/2023\/06\/bfm_yann-760x760-1.jpg","articleSection":["Brand Safety &amp; Suitability","Fraude publicitaire","Mobile et applications","Visibilit\u00e9"],"inLanguage":"fr-FR"},{"@type":"WebPage","@id":"https:\/\/integralads.com\/fr\/insider\/yann-le-roux-invite-de-techco-sur-bfm-business\/","url":"https:\/\/integralads.com\/fr\/insider\/yann-le-roux-invite-de-techco-sur-bfm-business\/","name":"Yann Le Roux invit\u00e9 de Tech&Co sur BFM Business - Integral Ad Science","isPartOf":{"@id":"https:\/\/integralads.com\/#website"},"primaryImageOfPage":{"@id":"https:\/\/integralads.com\/fr\/insider\/yann-le-roux-invite-de-techco-sur-bfm-business\/#primaryimage"},"image":{"@id":"https:\/\/integralads.com\/fr\/insider\/yann-le-roux-invite-de-techco-sur-bfm-business\/#primaryimage"},"thumbnailUrl":"https:\/\/integralads.com\/wp-content\/uploads\/2023\/06\/bfm_yann-760x760-1.jpg","datePublished":"2019-05-28T04:00:00+00:00","dateModified":"2023-08-30T14:07:38+00:00","breadcrumb":{"@id":"https:\/\/integralads.com\/fr\/insider\/yann-le-roux-invite-de-techco-sur-bfm-business\/#breadcrumb"},"inLanguage":"fr-FR","potentialAction":[{"@type":"ReadAction","target":["https:\/\/integralads.com\/fr\/insider\/yann-le-roux-invite-de-techco-sur-bfm-business\/"]}]},{"@type":"ImageObject","inLanguage":"fr-FR","@id":"https:\/\/integralads.com\/fr\/insider\/yann-le-roux-invite-de-techco-sur-bfm-business\/#primaryimage","url":"https:\/\/integralads.com\/wp-content\/uploads\/2023\/06\/bfm_yann-760x760-1.jpg","contentUrl":"https:\/\/integralads.com\/wp-content\/uploads\/2023\/06\/bfm_yann-760x760-1.jpg","width":760,"height":760},{"@type":"BreadcrumbList","@id":"https:\/\/integralads.com\/fr\/insider\/yann-le-roux-invite-de-techco-sur-bfm-business\/#breadcrumb","itemListElement":[{"@type":"ListItem","position":1,"name":"Home","item":"https:\/\/integralads.com\/fr\/"},{"@type":"ListItem","position":2,"name":"Yann Le Roux invit\u00e9 de Tech&#038;Co sur BFM Business"}]},{"@type":"WebSite","@id":"https:\/\/integralads.com\/#website","url":"https:\/\/integralads.com\/","name":"Integral Ad Science","description":"The Hidden Cost of MFA Webinar","publisher":{"@id":"https:\/\/integralads.com\/#organization"},"potentialAction":[{"@type":"SearchAction","target":{"@type":"EntryPoint","urlTemplate":"https:\/\/integralads.com\/?s={search_term_string}"},"query-input":{"@type":"PropertyValueSpecification","valueRequired":true,"valueName":"search_term_string"}}],"inLanguage":"fr-FR"},{"@type":"Organization","@id":"https:\/\/integralads.com\/#organization","name":"Integral Ad Science","url":"https:\/\/integralads.com\/","logo":{"@type":"ImageObject","inLanguage":"fr-FR","@id":"https:\/\/integralads.com\/#\/schema\/logo\/image\/","url":"https:\/\/integralads.com\/wp-content\/uploads\/2023\/10\/IAS_Square-Logo-600x600-1.png","contentUrl":"https:\/\/integralads.com\/wp-content\/uploads\/2023\/10\/IAS_Square-Logo-600x600-1.png","width":600,"height":600,"caption":"Integral Ad Science"},"image":{"@id":"https:\/\/integralads.com\/#\/schema\/logo\/image\/"},"sameAs":["https:\/\/x.com\/integralads"]},{"@type":"Person","@id":"https:\/\/integralads.com\/#\/schema\/person\/dbee79df007713b5bab3127e3f349399","name":"IAS TEAM","image":{"@type":"ImageObject","inLanguage":"fr-FR","@id":"https:\/\/secure.gravatar.com\/avatar\/255e04bda9c08f76d15834db86e6d973bed5d92c701c65e4e3781e74f8b79551?s=96&d=mm&r=g","url":"https:\/\/secure.gravatar.com\/avatar\/255e04bda9c08f76d15834db86e6d973bed5d92c701c65e4e3781e74f8b79551?s=96&d=mm&r=g","contentUrl":"https:\/\/secure.gravatar.com\/avatar\/255e04bda9c08f76d15834db86e6d973bed5d92c701c65e4e3781e74f8b79551?s=96&d=mm&r=g","caption":"IAS TEAM"},"description":"Lorem ipsum dolor sit amet, consectetur adipiscing elit, sed do eiusmod tempor incididunt ut labore et dolore magna aliqua. Ut enim ad minim veniam, quis nostrud exercitation ullamco laboris nisi ut aliquip ex ea commodo consequat. Duis aute irure dolor in reprehenderit in voluptate velit esse cillum dolore eu fugiat nulla pariatur. Excepteur sint occaecat cupidatat non proident, sunt in culpa qui officia deserunt mollit anim id est laborum.","sameAs":["https:\/\/integralads.com"],"jobTitle":"TEST","url":"https:\/\/integralads.com\/fr\/insider\/author\/ias2023\/"}]}},"_links":{"self":[{"href":"https:\/\/integralads.com\/fr\/wp-json\/wp\/v2\/posts\/311892","targetHints":{"allow":["GET"]}}],"collection":[{"href":"https:\/\/integralads.com\/fr\/wp-json\/wp\/v2\/posts"}],"about":[{"href":"https:\/\/integralads.com\/fr\/wp-json\/wp\/v2\/types\/post"}],"author":[{"embeddable":true,"href":"https:\/\/integralads.com\/fr\/wp-json\/wp\/v2\/users\/1"}],"replies":[{"embeddable":true,"href":"https:\/\/integralads.com\/fr\/wp-json\/wp\/v2\/comments?post=311892"}],"version-history":[{"count":0,"href":"https:\/\/integralads.com\/fr\/wp-json\/wp\/v2\/posts\/311892\/revisions"}],"wp:featuredmedia":[{"embeddable":true,"href":"https:\/\/integralads.com\/fr\/wp-json\/wp\/v2\/media\/294684"}],"wp:attachment":[{"href":"https:\/\/integralads.com\/fr\/wp-json\/wp\/v2\/media?parent=311892"}],"wp:term":[{"taxonomy":"category","embeddable":true,"href":"https:\/\/integralads.com\/fr\/wp-json\/wp\/v2\/categories?post=311892"},{"taxonomy":"post_tag","embeddable":true,"href":"https:\/\/integralads.com\/fr\/wp-json\/wp\/v2\/tags?post=311892"}],"curies":[{"name":"wp","href":"https:\/\/api.w.org\/{rel}","templated":true}]}}